{"id":1062,"date":"2022-09-30T00:05:25","date_gmt":"2022-09-29T23:05:25","guid":{"rendered":"https:\/\/podgorica.dik.co.me\/?p=1062"},"modified":"2022-09-30T00:05:25","modified_gmt":"2022-09-29T23:05:25","slug":"rjesenje-6","status":"publish","type":"post","link":"https:\/\/dikcg.me\/wpold\/podgorica\/rjesenje-6\/","title":{"rendered":"Rje\u0161enje"},"content":{"rendered":"<p class=\"western\" lang=\"en-US\" align=\"justify\"><span style=\"font-family: Arial, serif\"><span style=\"color: #0000ff\"><span style=\"font-size: medium\">UTVR\u0110UJE SE I PROGLA\u0160AVA IZBORNA LISTA <\/span><\/span><span style=\"color: #c00000\"><span style=\"font-size: small\"><b>ALEKSA BE\u010cI\u0106 \u2013 DEMOKRATE \u2013 UJEDINJENA CRNA GORA \u2013 DEMOS \u2013 IDEMO LJUDI <\/b><\/span><\/span><span style=\"color: #1f4e79\"><span style=\"font-size: small\"><b>! <\/b><\/span><\/span><span style=\"color: #0000ff\"><span style=\"font-size: medium\">za izbor odbornika u Skup\u0161tini Glavnog grada Podgorica.<\/span><\/span><\/span><\/p>\n","protected":false},"excerpt":{"rendered":"UTVR\u0110UJE SE I PROGLA\u0160AVA IZBORNA LISTA ALEKSA BE\u010cI\u0106 \u2013 DEMOKRATE \u2013 UJEDINJENA CRNA GORA \u2013 DEMOS \u2013 IDEMO LJUDI ! za izbor odbornika u Skup\u0161tini Glavnog grada Podgorica.","protected":false},"author":77,"featured_media":0,"comment_status":"closed","ping_status":"closed","sticky":false,"template":"","format":"standard","meta":{"footnotes":""},"categories":[170],"tags":[],"_links":{"self":[{"href":"https:\/\/dikcg.me\/wpold\/podgorica\/wp-json\/wp\/v2\/posts\/1062"}],"collection":[{"href":"https:\/\/dikcg.me\/wpold\/podgorica\/wp-json\/wp\/v2\/posts"}],"about":[{"href":"https:\/\/dikcg.me\/wpold\/podgorica\/wp-json\/wp\/v2\/types\/post"}],"author":[{"embeddable":true,"href":"https:\/\/dikcg.me\/wpold\/podgorica\/wp-json\/wp\/v2\/users\/77"}],"replies":[{"embeddable":true,"href":"https:\/\/dikcg.me\/wpold\/podgorica\/wp-json\/wp\/v2\/comments?post=1062"}],"version-history":[{"count":1,"href":"https:\/\/dikcg.me\/wpold\/podgorica\/wp-json\/wp\/v2\/posts\/1062\/revisions"}],"predecessor-version":[{"id":1065,"href":"https:\/\/dikcg.me\/wpold\/podgorica\/wp-json\/wp\/v2\/posts\/1062\/revisions\/1065"}],"wp:attachment":[{"href":"https:\/\/dikcg.me\/wpold\/podgorica\/wp-json\/wp\/v2\/media?parent=1062"}],"wp:term":[{"taxonomy":"category","embeddable":true,"href":"https:\/\/dikcg.me\/wpold\/podgorica\/wp-json\/wp\/v2\/categories?post=1062"},{"taxonomy":"post_tag","embeddable":true,"href":"https:\/\/dikcg.me\/wpold\/podgorica\/wp-json\/wp\/v2\/tags?post=1062"}],"curies":[{"name":"wp","href":"https:\/\/api.w.org\/{rel}","templated":true}]}}