{"id":941,"date":"2023-03-20T12:08:43","date_gmt":"2023-03-20T11:08:43","guid":{"rendered":"https:\/\/pljevlja.dik.co.me\/?p=941"},"modified":"2023-03-20T12:08:43","modified_gmt":"2023-03-20T11:08:43","slug":"izvjestaj-o-rezultatima-glasanja-za-predsjednika-crne-gore-na-podrucju-opstine-pljevlja","status":"publish","type":"post","link":"https:\/\/dikcg.me\/wpold\/pljevlja\/izvjestaj-o-rezultatima-glasanja-za-predsjednika-crne-gore-na-podrucju-opstine-pljevlja\/","title":{"rendered":"Izvje\u0161taj o rezultatima glasanja za Predsjednika Crne Gore na podru\u010dju Op\u0161tine Pljevlja"},"content":{"rendered":"<p>Izvje\u0161taj o rezultatima glasanja za Predsjednika Crne Gore na podru\u010dju Op\u0161tine Pljevlja<\/p>\n","protected":false},"excerpt":{"rendered":"Izvje\u0161taj o rezultatima glasanja za Predsjednika Crne Gore na podru\u010dju Op\u0161tine Pljevlja","protected":false},"author":76,"featured_media":0,"comment_status":"closed","ping_status":"closed","sticky":false,"template":"","format":"standard","meta":{"footnotes":""},"categories":[191,142,166],"tags":[],"_links":{"self":[{"href":"https:\/\/dikcg.me\/wpold\/pljevlja\/wp-json\/wp\/v2\/posts\/941"}],"collection":[{"href":"https:\/\/dikcg.me\/wpold\/pljevlja\/wp-json\/wp\/v2\/posts"}],"about":[{"href":"https:\/\/dikcg.me\/wpold\/pljevlja\/wp-json\/wp\/v2\/types\/post"}],"author":[{"embeddable":true,"href":"https:\/\/dikcg.me\/wpold\/pljevlja\/wp-json\/wp\/v2\/users\/76"}],"replies":[{"embeddable":true,"href":"https:\/\/dikcg.me\/wpold\/pljevlja\/wp-json\/wp\/v2\/comments?post=941"}],"version-history":[{"count":1,"href":"https:\/\/dikcg.me\/wpold\/pljevlja\/wp-json\/wp\/v2\/posts\/941\/revisions"}],"predecessor-version":[{"id":944,"href":"https:\/\/dikcg.me\/wpold\/pljevlja\/wp-json\/wp\/v2\/posts\/941\/revisions\/944"}],"wp:attachment":[{"href":"https:\/\/dikcg.me\/wpold\/pljevlja\/wp-json\/wp\/v2\/media?parent=941"}],"wp:term":[{"taxonomy":"category","embeddable":true,"href":"https:\/\/dikcg.me\/wpold\/pljevlja\/wp-json\/wp\/v2\/categories?post=941"},{"taxonomy":"post_tag","embeddable":true,"href":"https:\/\/dikcg.me\/wpold\/pljevlja\/wp-json\/wp\/v2\/tags?post=941"}],"curies":[{"name":"wp","href":"https:\/\/api.w.org\/{rel}","templated":true}]}}