{"id":905,"date":"2023-03-14T12:46:05","date_gmt":"2023-03-14T11:46:05","guid":{"rendered":"https:\/\/pljevlja.dik.co.me\/?p=905"},"modified":"2023-04-07T09:36:33","modified_gmt":"2023-04-07T08:36:33","slug":"obavjestenje-o-primopredaji-izbornog-materijala","status":"publish","type":"post","link":"https:\/\/dikcg.me\/wpold\/pljevlja\/obavjestenje-o-primopredaji-izbornog-materijala\/","title":{"rendered":"Obavje\u0161tenje o primopredaji izbornog materijala"},"content":{"rendered":"<p>Obavje\u0161tavamo Vas da \u0107e primopredaja izbornog materijala na 63 bira\u010dka mjesta za organizovanje izbora za izbor Predsjednika Crne Gore biti izvr\u0161ena u petak, 17. marta 2023. godine sa po\u010detkom u 12 \u010dasova u sali Skup\u0161tine.<\/p>\n","protected":false},"excerpt":{"rendered":"Obavje\u0161tavamo Vas da \u0107e primopredaja izbornog materijala na 63 bira\u010dka mjesta za organizovanje izbora za izbor Predsjednika Crne Gore biti izvr\u0161ena u petak, 17. marta 2023. godine sa po\u010detkom u 12 \u010dasova u sali Skup\u0161tine.","protected":false},"author":76,"featured_media":0,"comment_status":"closed","ping_status":"closed","sticky":false,"template":"","format":"standard","meta":{"footnotes":""},"categories":[191,142,166],"tags":[],"_links":{"self":[{"href":"https:\/\/dikcg.me\/wpold\/pljevlja\/wp-json\/wp\/v2\/posts\/905"}],"collection":[{"href":"https:\/\/dikcg.me\/wpold\/pljevlja\/wp-json\/wp\/v2\/posts"}],"about":[{"href":"https:\/\/dikcg.me\/wpold\/pljevlja\/wp-json\/wp\/v2\/types\/post"}],"author":[{"embeddable":true,"href":"https:\/\/dikcg.me\/wpold\/pljevlja\/wp-json\/wp\/v2\/users\/76"}],"replies":[{"embeddable":true,"href":"https:\/\/dikcg.me\/wpold\/pljevlja\/wp-json\/wp\/v2\/comments?post=905"}],"version-history":[{"count":1,"href":"https:\/\/dikcg.me\/wpold\/pljevlja\/wp-json\/wp\/v2\/posts\/905\/revisions"}],"predecessor-version":[{"id":908,"href":"https:\/\/dikcg.me\/wpold\/pljevlja\/wp-json\/wp\/v2\/posts\/905\/revisions\/908"}],"wp:attachment":[{"href":"https:\/\/dikcg.me\/wpold\/pljevlja\/wp-json\/wp\/v2\/media?parent=905"}],"wp:term":[{"taxonomy":"category","embeddable":true,"href":"https:\/\/dikcg.me\/wpold\/pljevlja\/wp-json\/wp\/v2\/categories?post=905"},{"taxonomy":"post_tag","embeddable":true,"href":"https:\/\/dikcg.me\/wpold\/pljevlja\/wp-json\/wp\/v2\/tags?post=905"}],"curies":[{"name":"wp","href":"https:\/\/api.w.org\/{rel}","templated":true}]}}