{"id":901,"date":"2023-03-14T12:40:28","date_gmt":"2023-03-14T11:40:28","guid":{"rendered":"https:\/\/pljevlja.dik.co.me\/?p=901"},"modified":"2023-03-14T12:40:28","modified_gmt":"2023-03-14T11:40:28","slug":"obavjestenje-instruktaza","status":"publish","type":"post","link":"https:\/\/dikcg.me\/wpold\/pljevlja\/obavjestenje-instruktaza\/","title":{"rendered":"Obavje\u0161tenje &#8211; instrukta\u017ea"},"content":{"rendered":"<p>Obavje\u0161tavamo Vas da \u0107e instrukta\u017ea za \u010dlanove bira\u010dkih odbora, za izbore za Predsjednika Crne Gore koji su zakazani za 19. mart 2023. godine sa po\u010detkom u 11 \u010dasova.<\/p>\n","protected":false},"excerpt":{"rendered":"Obavje\u0161tavamo Vas da \u0107e instrukta\u017ea za \u010dlanove bira\u010dkih odbora, za izbore za Predsjednika Crne Gore koji su zakazani za 19. mart 2023. godine sa po\u010detkom u 11 \u010dasova.","protected":false},"author":76,"featured_media":0,"comment_status":"closed","ping_status":"closed","sticky":false,"template":"","format":"standard","meta":{"footnotes":""},"categories":[191,142,166],"tags":[],"_links":{"self":[{"href":"https:\/\/dikcg.me\/wpold\/pljevlja\/wp-json\/wp\/v2\/posts\/901"}],"collection":[{"href":"https:\/\/dikcg.me\/wpold\/pljevlja\/wp-json\/wp\/v2\/posts"}],"about":[{"href":"https:\/\/dikcg.me\/wpold\/pljevlja\/wp-json\/wp\/v2\/types\/post"}],"author":[{"embeddable":true,"href":"https:\/\/dikcg.me\/wpold\/pljevlja\/wp-json\/wp\/v2\/users\/76"}],"replies":[{"embeddable":true,"href":"https:\/\/dikcg.me\/wpold\/pljevlja\/wp-json\/wp\/v2\/comments?post=901"}],"version-history":[{"count":1,"href":"https:\/\/dikcg.me\/wpold\/pljevlja\/wp-json\/wp\/v2\/posts\/901\/revisions"}],"predecessor-version":[{"id":904,"href":"https:\/\/dikcg.me\/wpold\/pljevlja\/wp-json\/wp\/v2\/posts\/901\/revisions\/904"}],"wp:attachment":[{"href":"https:\/\/dikcg.me\/wpold\/pljevlja\/wp-json\/wp\/v2\/media?parent=901"}],"wp:term":[{"taxonomy":"category","embeddable":true,"href":"https:\/\/dikcg.me\/wpold\/pljevlja\/wp-json\/wp\/v2\/categories?post=901"},{"taxonomy":"post_tag","embeddable":true,"href":"https:\/\/dikcg.me\/wpold\/pljevlja\/wp-json\/wp\/v2\/tags?post=901"}],"curies":[{"name":"wp","href":"https:\/\/api.w.org\/{rel}","templated":true}]}}