{"id":843,"date":"2022-10-04T06:59:21","date_gmt":"2022-10-04T05:59:21","guid":{"rendered":"https:\/\/pljevlja.dik.co.me\/?p=843"},"modified":"2022-10-04T07:03:05","modified_gmt":"2022-10-04T06:03:05","slug":"rjesenje-4","status":"publish","type":"post","link":"https:\/\/dikcg.me\/wpold\/pljevlja\/rjesenje-4\/","title":{"rendered":"RJE\u0160ENJE"},"content":{"rendered":"<p>UTVR\u0110UJE SE I PROGLA\u0160AVA izborna lista DEMOKRATSKI FRONT &#8211; ZA BUDU\u0106NOST PLJEVALJA &#8211; MILAN LEKI\u0106, za izbor odbornika u Skup\u0161tini op\u0161tine Pljevlja na izborima zakazanim za 23. oktobar 2022. godine.<\/p>\n","protected":false},"excerpt":{"rendered":"UTVR\u0110UJE SE I PROGLA\u0160AVA izborna lista DEMOKRATSKI FRONT &#8211; ZA BUDU\u0106NOST PLJEVALJA &#8211; MILAN LEKI\u0106, za izbor odbornika u Skup\u0161tini op\u0161tine Pljevlja na izborima zakazanim za 23. oktobar 2022. godine.","protected":false},"author":76,"featured_media":0,"comment_status":"closed","ping_status":"closed","sticky":false,"template":"","format":"standard","meta":{"footnotes":""},"categories":[190,142,164],"tags":[],"_links":{"self":[{"href":"https:\/\/dikcg.me\/wpold\/pljevlja\/wp-json\/wp\/v2\/posts\/843"}],"collection":[{"href":"https:\/\/dikcg.me\/wpold\/pljevlja\/wp-json\/wp\/v2\/posts"}],"about":[{"href":"https:\/\/dikcg.me\/wpold\/pljevlja\/wp-json\/wp\/v2\/types\/post"}],"author":[{"embeddable":true,"href":"https:\/\/dikcg.me\/wpold\/pljevlja\/wp-json\/wp\/v2\/users\/76"}],"replies":[{"embeddable":true,"href":"https:\/\/dikcg.me\/wpold\/pljevlja\/wp-json\/wp\/v2\/comments?post=843"}],"version-history":[{"count":1,"href":"https:\/\/dikcg.me\/wpold\/pljevlja\/wp-json\/wp\/v2\/posts\/843\/revisions"}],"predecessor-version":[{"id":846,"href":"https:\/\/dikcg.me\/wpold\/pljevlja\/wp-json\/wp\/v2\/posts\/843\/revisions\/846"}],"wp:attachment":[{"href":"https:\/\/dikcg.me\/wpold\/pljevlja\/wp-json\/wp\/v2\/media?parent=843"}],"wp:term":[{"taxonomy":"category","embeddable":true,"href":"https:\/\/dikcg.me\/wpold\/pljevlja\/wp-json\/wp\/v2\/categories?post=843"},{"taxonomy":"post_tag","embeddable":true,"href":"https:\/\/dikcg.me\/wpold\/pljevlja\/wp-json\/wp\/v2\/tags?post=843"}],"curies":[{"name":"wp","href":"https:\/\/api.w.org\/{rel}","templated":true}]}}