{"id":839,"date":"2022-10-04T06:54:15","date_gmt":"2022-10-04T05:54:15","guid":{"rendered":"https:\/\/pljevlja.dik.co.me\/?p=839"},"modified":"2022-10-04T07:03:46","modified_gmt":"2022-10-04T06:03:46","slug":"rjesenje-3","status":"publish","type":"post","link":"https:\/\/dikcg.me\/wpold\/pljevlja\/rjesenje-3\/","title":{"rendered":"RJE\u0160ENJE"},"content":{"rendered":"<p>UTVR\u0110UJE SE I PROGLA\u0160AVA izborna lista Nikola Rov\u010danin &#8211; IDEMO LJUDI &#8211; DEMOKRATE, POKRET ZA PLJEVLJA, UJEDINJENA CRNA GORA, za izbor odbornika u Skup\u0161tini op\u0161tine Pljevlja na izborima zakazanim za 23. oktobar 2022. godine.<\/p>\n","protected":false},"excerpt":{"rendered":"UTVR\u0110UJE SE I PROGLA\u0160AVA izborna lista Nikola Rov\u010danin &#8211; IDEMO LJUDI &#8211; DEMOKRATE, POKRET ZA PLJEVLJA, UJEDINJENA CRNA GORA, za izbor odbornika u Skup\u0161tini op\u0161tine Pljevlja na izborima zakazanim za 23. oktobar 2022. godine.","protected":false},"author":76,"featured_media":0,"comment_status":"closed","ping_status":"closed","sticky":false,"template":"","format":"standard","meta":{"footnotes":""},"categories":[190,142,164],"tags":[],"_links":{"self":[{"href":"https:\/\/dikcg.me\/wpold\/pljevlja\/wp-json\/wp\/v2\/posts\/839"}],"collection":[{"href":"https:\/\/dikcg.me\/wpold\/pljevlja\/wp-json\/wp\/v2\/posts"}],"about":[{"href":"https:\/\/dikcg.me\/wpold\/pljevlja\/wp-json\/wp\/v2\/types\/post"}],"author":[{"embeddable":true,"href":"https:\/\/dikcg.me\/wpold\/pljevlja\/wp-json\/wp\/v2\/users\/76"}],"replies":[{"embeddable":true,"href":"https:\/\/dikcg.me\/wpold\/pljevlja\/wp-json\/wp\/v2\/comments?post=839"}],"version-history":[{"count":1,"href":"https:\/\/dikcg.me\/wpold\/pljevlja\/wp-json\/wp\/v2\/posts\/839\/revisions"}],"predecessor-version":[{"id":842,"href":"https:\/\/dikcg.me\/wpold\/pljevlja\/wp-json\/wp\/v2\/posts\/839\/revisions\/842"}],"wp:attachment":[{"href":"https:\/\/dikcg.me\/wpold\/pljevlja\/wp-json\/wp\/v2\/media?parent=839"}],"wp:term":[{"taxonomy":"category","embeddable":true,"href":"https:\/\/dikcg.me\/wpold\/pljevlja\/wp-json\/wp\/v2\/categories?post=839"},{"taxonomy":"post_tag","embeddable":true,"href":"https:\/\/dikcg.me\/wpold\/pljevlja\/wp-json\/wp\/v2\/tags?post=839"}],"curies":[{"name":"wp","href":"https:\/\/api.w.org\/{rel}","templated":true}]}}