{"id":835,"date":"2022-10-04T06:50:43","date_gmt":"2022-10-04T05:50:43","guid":{"rendered":"https:\/\/pljevlja.dik.co.me\/?p=835"},"modified":"2022-10-04T06:50:43","modified_gmt":"2022-10-04T05:50:43","slug":"rjesenje-2","status":"publish","type":"post","link":"https:\/\/dikcg.me\/wpold\/pljevlja\/rjesenje-2\/","title":{"rendered":"RJE\u0160ENJE"},"content":{"rendered":"<p>UTVR\u0110UJE SE I PROGLA\u0160AVA izborna lista &#8220;EVROPA SAD! ZA PLJEVLJA&#8221;, za izbor odbornika u Skup\u0161tini op\u0161tine Pljevlja na izborima zakazanim za 23. oktobar 2022. godine.<\/p>\n","protected":false},"excerpt":{"rendered":"UTVR\u0110UJE SE I PROGLA\u0160AVA izborna lista &#8220;EVROPA SAD! ZA PLJEVLJA&#8221;, za izbor odbornika u Skup\u0161tini op\u0161tine Pljevlja na izborima zakazanim za 23. oktobar 2022. godine.","protected":false},"author":76,"featured_media":0,"comment_status":"closed","ping_status":"closed","sticky":false,"template":"","format":"standard","meta":{"footnotes":""},"categories":[190,142,164],"tags":[],"_links":{"self":[{"href":"https:\/\/dikcg.me\/wpold\/pljevlja\/wp-json\/wp\/v2\/posts\/835"}],"collection":[{"href":"https:\/\/dikcg.me\/wpold\/pljevlja\/wp-json\/wp\/v2\/posts"}],"about":[{"href":"https:\/\/dikcg.me\/wpold\/pljevlja\/wp-json\/wp\/v2\/types\/post"}],"author":[{"embeddable":true,"href":"https:\/\/dikcg.me\/wpold\/pljevlja\/wp-json\/wp\/v2\/users\/76"}],"replies":[{"embeddable":true,"href":"https:\/\/dikcg.me\/wpold\/pljevlja\/wp-json\/wp\/v2\/comments?post=835"}],"version-history":[{"count":1,"href":"https:\/\/dikcg.me\/wpold\/pljevlja\/wp-json\/wp\/v2\/posts\/835\/revisions"}],"predecessor-version":[{"id":838,"href":"https:\/\/dikcg.me\/wpold\/pljevlja\/wp-json\/wp\/v2\/posts\/835\/revisions\/838"}],"wp:attachment":[{"href":"https:\/\/dikcg.me\/wpold\/pljevlja\/wp-json\/wp\/v2\/media?parent=835"}],"wp:term":[{"taxonomy":"category","embeddable":true,"href":"https:\/\/dikcg.me\/wpold\/pljevlja\/wp-json\/wp\/v2\/categories?post=835"},{"taxonomy":"post_tag","embeddable":true,"href":"https:\/\/dikcg.me\/wpold\/pljevlja\/wp-json\/wp\/v2\/tags?post=835"}],"curies":[{"name":"wp","href":"https:\/\/api.w.org\/{rel}","templated":true}]}}