{"id":983,"date":"2021-02-15T16:30:58","date_gmt":"2021-02-15T15:30:58","guid":{"rendered":"https:\/\/niksic.dik.co.me\/?p=983"},"modified":"2021-02-16T07:47:54","modified_gmt":"2021-02-16T06:47:54","slug":"dr-dritan-abazovic-crno-na-bijelo-moze-niksic-gradanski-pokret-ujedinjena-reformska-akcija-ura-i-nestranacke-licnosti","status":"publish","type":"post","link":"https:\/\/dikcg.me\/wpold\/niksic\/dr-dritan-abazovic-crno-na-bijelo-moze-niksic-gradanski-pokret-ujedinjena-reformska-akcija-ura-i-nestranacke-licnosti\/","title":{"rendered":"dr Dritan Abazovi\u0107 \u2013 Crno na bijelo \u2013 Mo\u017ee Nik\u0161i\u0107, Gra\u0111anski pokret Ujedinjena reformska akcija URA i nestrana\u010dke li\u010dnosti"},"content":{"rendered":"","protected":false},"excerpt":{"rendered":"","protected":false},"author":72,"featured_media":0,"comment_status":"closed","ping_status":"closed","sticky":false,"template":"","format":"standard","meta":{"footnotes":""},"categories":[195],"tags":[],"_links":{"self":[{"href":"https:\/\/dikcg.me\/wpold\/niksic\/wp-json\/wp\/v2\/posts\/983"}],"collection":[{"href":"https:\/\/dikcg.me\/wpold\/niksic\/wp-json\/wp\/v2\/posts"}],"about":[{"href":"https:\/\/dikcg.me\/wpold\/niksic\/wp-json\/wp\/v2\/types\/post"}],"author":[{"embeddable":true,"href":"https:\/\/dikcg.me\/wpold\/niksic\/wp-json\/wp\/v2\/users\/72"}],"replies":[{"embeddable":true,"href":"https:\/\/dikcg.me\/wpold\/niksic\/wp-json\/wp\/v2\/comments?post=983"}],"version-history":[{"count":1,"href":"https:\/\/dikcg.me\/wpold\/niksic\/wp-json\/wp\/v2\/posts\/983\/revisions"}],"predecessor-version":[{"id":990,"href":"https:\/\/dikcg.me\/wpold\/niksic\/wp-json\/wp\/v2\/posts\/983\/revisions\/990"}],"wp:attachment":[{"href":"https:\/\/dikcg.me\/wpold\/niksic\/wp-json\/wp\/v2\/media?parent=983"}],"wp:term":[{"taxonomy":"category","embeddable":true,"href":"https:\/\/dikcg.me\/wpold\/niksic\/wp-json\/wp\/v2\/categories?post=983"},{"taxonomy":"post_tag","embeddable":true,"href":"https:\/\/dikcg.me\/wpold\/niksic\/wp-json\/wp\/v2\/tags?post=983"}],"curies":[{"name":"wp","href":"https:\/\/api.w.org\/{rel}","templated":true}]}}