{"id":938,"date":"2021-01-05T22:42:39","date_gmt":"2021-01-05T21:42:39","guid":{"rendered":"https:\/\/niksic.dik.co.me\/?p=938"},"modified":"2021-01-05T22:42:39","modified_gmt":"2021-01-05T21:42:39","slug":"odluka-predsjednika-crne-gore-o-raspisivanju-izbora-za-odbornike-u-so-niksic","status":"publish","type":"post","link":"https:\/\/dikcg.me\/wpold\/niksic\/odluka-predsjednika-crne-gore-o-raspisivanju-izbora-za-odbornike-u-so-niksic\/","title":{"rendered":"Odluka predsjednika Crne Gore o raspisivanju izbora za odbornike u SO Nik\u0161i\u0107"},"content":{"rendered":"<p>Na osnovu \u010dlana 95 ta\u010dka 10 Ustava Crne Gore (,,Sl. list CG\u2019\u2019, br. 1\/07 i 38\/13), \u010dlana 13 stav 1, 3 i 4, \u010dlana 14 stav 1 i 2 Zakona o izboru odbornika i poslanika (,,Sl. list RCG\u2019\u2019, br. 04\/98, 05\/98, 17\/98, 14\/00, 18\/00, 73\/00, 09\/01, 41\/02, 46\/02, 45\/04, 48\/06, 56\/06 i ,,Sl. list CG\u2019\u2019, br. 46\/11, 14\/14, 47\/14, 12\/16, 60\/17, 10\/18), \u010dlana 36 Zakona o lokalnoj samoupravi (,,Sl. list CG\u2019\u2019, br. 02\/18, 034\/19, 38\/20), donosim<\/p>\n<p>&nbsp;<\/p>\n<p style=\"text-align: center;\"><strong>O D L U K U<\/strong><\/p>\n<p style=\"text-align: center;\"><strong>o raspisivanju izbora za odbornike u Skup\u0161tini op\u0161tine Nik\u0161i\u0107<\/strong><\/p>\n<ol>\n<li>Raspisujem izbore za odbornike u Skup\u0161tini op\u0161tine Nik\u0161i\u0107.<\/li>\n<li>Izbori \u0107e se odr\u017eati 14. marta 2021. godine.<\/li>\n<li>Ova odluka stupa na snagu danom dono\u0161enja, a bi\u0107e objavljena u ,,Slu\u017ebenom listu Crne Gore\u2019\u2019 i u ,,Slu\u017ebenom listu Crne Gore \u2013 op\u0161tinski propisi\u2019\u2019.<\/li>\n<\/ol>\n<p>&nbsp;<\/p>\n<p><strong>Broj: 01-24\/21<\/strong><\/p>\n<p><strong>Podgorica, 5.1.2021. godine<\/strong><\/p>\n<p>&nbsp;<\/p>\n<p style=\"text-align: center;\"><strong>Milo \u0110ukanovi\u0107<\/strong><\/p>\n","protected":false},"excerpt":{"rendered":"Na osnovu \u010dlana 95 ta\u010dka 10 Ustava Crne Gore (,,Sl. list CG\u2019\u2019, br. 1\/07 i 38\/13), \u010dlana 13 stav 1, 3 i 4, \u010dlana 14 stav 1 i 2 Zakona o izboru odbornika i poslanika (,,Sl. list RCG\u2019\u2019, br. 04\/98, 05\/98, 17\/98, 14\/00, 18\/00, 73\/00, 09\/01, 41\/02, 46\/02, 45\/04, 48\/06, 56\/06 i ,,Sl. list CG\u2019\u2019,&#8230; <a href=\"https:\/\/dikcg.me\/wpold\/niksic\/odluka-predsjednika-crne-gore-o-raspisivanju-izbora-za-odbornike-u-so-niksic\/\">Read more <i class=\"fas fa-angle-right\"><\/i><\/a>","protected":false},"author":56,"featured_media":0,"comment_status":"closed","ping_status":"closed","sticky":false,"template":"","format":"standard","meta":{"footnotes":""},"categories":[194],"tags":[],"_links":{"self":[{"href":"https:\/\/dikcg.me\/wpold\/niksic\/wp-json\/wp\/v2\/posts\/938"}],"collection":[{"href":"https:\/\/dikcg.me\/wpold\/niksic\/wp-json\/wp\/v2\/posts"}],"about":[{"href":"https:\/\/dikcg.me\/wpold\/niksic\/wp-json\/wp\/v2\/types\/post"}],"author":[{"embeddable":true,"href":"https:\/\/dikcg.me\/wpold\/niksic\/wp-json\/wp\/v2\/users\/56"}],"replies":[{"embeddable":true,"href":"https:\/\/dikcg.me\/wpold\/niksic\/wp-json\/wp\/v2\/comments?post=938"}],"version-history":[{"count":1,"href":"https:\/\/dikcg.me\/wpold\/niksic\/wp-json\/wp\/v2\/posts\/938\/revisions"}],"predecessor-version":[{"id":941,"href":"https:\/\/dikcg.me\/wpold\/niksic\/wp-json\/wp\/v2\/posts\/938\/revisions\/941"}],"wp:attachment":[{"href":"https:\/\/dikcg.me\/wpold\/niksic\/wp-json\/wp\/v2\/media?parent=938"}],"wp:term":[{"taxonomy":"category","embeddable":true,"href":"https:\/\/dikcg.me\/wpold\/niksic\/wp-json\/wp\/v2\/categories?post=938"},{"taxonomy":"post_tag","embeddable":true,"href":"https:\/\/dikcg.me\/wpold\/niksic\/wp-json\/wp\/v2\/tags?post=938"}],"curies":[{"name":"wp","href":"https:\/\/api.w.org\/{rel}","templated":true}]}}