{"id":745,"date":"2018-03-23T12:03:46","date_gmt":"2018-03-23T11:03:46","guid":{"rendered":"http:\/\/niksic.dik.co.me\/?p=745\/"},"modified":"2020-08-09T10:33:37","modified_gmt":"2020-08-09T09:33:37","slug":"zakljucak-opunomoceni-predstavnik-predsjednickog-kandidata-draginje-vuksanovic","status":"publish","type":"post","link":"https:\/\/dikcg.me\/wpold\/niksic\/zakljucak-opunomoceni-predstavnik-predsjednickog-kandidata-draginje-vuksanovic\/","title":{"rendered":"Zaklju\u010dak &#8211; Opunomo\u0107eni predstavnik predsjedni\u010dkog kandidata Draginje Vuksanovi\u0107"},"content":{"rendered":"","protected":false},"excerpt":{"rendered":"","protected":false},"author":56,"featured_media":0,"comment_status":"closed","ping_status":"closed","sticky":false,"template":"","format":"standard","meta":{"footnotes":""},"categories":[164],"tags":[],"_links":{"self":[{"href":"https:\/\/dikcg.me\/wpold\/niksic\/wp-json\/wp\/v2\/posts\/745"}],"collection":[{"href":"https:\/\/dikcg.me\/wpold\/niksic\/wp-json\/wp\/v2\/posts"}],"about":[{"href":"https:\/\/dikcg.me\/wpold\/niksic\/wp-json\/wp\/v2\/types\/post"}],"author":[{"embeddable":true,"href":"https:\/\/dikcg.me\/wpold\/niksic\/wp-json\/wp\/v2\/users\/56"}],"replies":[{"embeddable":true,"href":"https:\/\/dikcg.me\/wpold\/niksic\/wp-json\/wp\/v2\/comments?post=745"}],"version-history":[{"count":1,"href":"https:\/\/dikcg.me\/wpold\/niksic\/wp-json\/wp\/v2\/posts\/745\/revisions"}],"predecessor-version":[{"id":748,"href":"https:\/\/dikcg.me\/wpold\/niksic\/wp-json\/wp\/v2\/posts\/745\/revisions\/748"}],"wp:attachment":[{"href":"https:\/\/dikcg.me\/wpold\/niksic\/wp-json\/wp\/v2\/media?parent=745"}],"wp:term":[{"taxonomy":"category","embeddable":true,"href":"https:\/\/dikcg.me\/wpold\/niksic\/wp-json\/wp\/v2\/categories?post=745"},{"taxonomy":"post_tag","embeddable":true,"href":"https:\/\/dikcg.me\/wpold\/niksic\/wp-json\/wp\/v2\/tags?post=745"}],"curies":[{"name":"wp","href":"https:\/\/api.w.org\/{rel}","templated":true}]}}