{"id":733,"date":"2018-03-12T12:00:11","date_gmt":"2018-03-12T11:00:11","guid":{"rendered":"http:\/\/niksic.dik.co.me\/?p=733\/"},"modified":"2020-08-09T10:33:43","modified_gmt":"2020-08-09T09:33:43","slug":"zakljucak-opunomoceni-predstavnik-predsjednickog-kandidata-marka-milacica","status":"publish","type":"post","link":"https:\/\/dikcg.me\/wpold\/niksic\/zakljucak-opunomoceni-predstavnik-predsjednickog-kandidata-marka-milacica\/","title":{"rendered":"Zaklju\u010dak &#8211; Opunomo\u0107eni predstavnik predsjedni\u010dkog kandidata Marka Mila\u010di\u0107a"},"content":{"rendered":"","protected":false},"excerpt":{"rendered":"","protected":false},"author":56,"featured_media":0,"comment_status":"closed","ping_status":"closed","sticky":false,"template":"","format":"standard","meta":{"footnotes":""},"categories":[164],"tags":[],"_links":{"self":[{"href":"https:\/\/dikcg.me\/wpold\/niksic\/wp-json\/wp\/v2\/posts\/733"}],"collection":[{"href":"https:\/\/dikcg.me\/wpold\/niksic\/wp-json\/wp\/v2\/posts"}],"about":[{"href":"https:\/\/dikcg.me\/wpold\/niksic\/wp-json\/wp\/v2\/types\/post"}],"author":[{"embeddable":true,"href":"https:\/\/dikcg.me\/wpold\/niksic\/wp-json\/wp\/v2\/users\/56"}],"replies":[{"embeddable":true,"href":"https:\/\/dikcg.me\/wpold\/niksic\/wp-json\/wp\/v2\/comments?post=733"}],"version-history":[{"count":1,"href":"https:\/\/dikcg.me\/wpold\/niksic\/wp-json\/wp\/v2\/posts\/733\/revisions"}],"predecessor-version":[{"id":736,"href":"https:\/\/dikcg.me\/wpold\/niksic\/wp-json\/wp\/v2\/posts\/733\/revisions\/736"}],"wp:attachment":[{"href":"https:\/\/dikcg.me\/wpold\/niksic\/wp-json\/wp\/v2\/media?parent=733"}],"wp:term":[{"taxonomy":"category","embeddable":true,"href":"https:\/\/dikcg.me\/wpold\/niksic\/wp-json\/wp\/v2\/categories?post=733"},{"taxonomy":"post_tag","embeddable":true,"href":"https:\/\/dikcg.me\/wpold\/niksic\/wp-json\/wp\/v2\/tags?post=733"}],"curies":[{"name":"wp","href":"https:\/\/api.w.org\/{rel}","templated":true}]}}