{"id":729,"date":"2018-03-06T11:58:42","date_gmt":"2018-03-06T10:58:42","guid":{"rendered":"http:\/\/niksic.dik.co.me\/?p=729\/"},"modified":"2020-08-09T10:33:47","modified_gmt":"2020-08-09T09:33:47","slug":"zakljucak-opunomoceni-predstavnik-predsjednickog-kandidata-vasilija-milickovica","status":"publish","type":"post","link":"https:\/\/dikcg.me\/wpold\/niksic\/zakljucak-opunomoceni-predstavnik-predsjednickog-kandidata-vasilija-milickovica\/","title":{"rendered":"Zaklju\u010dak &#8211; Opunomo\u0107eni predstavnik predsjedni\u010dkog kandidata Vasilija Mili\u010dkovi\u0107a"},"content":{"rendered":"","protected":false},"excerpt":{"rendered":"","protected":false},"author":56,"featured_media":0,"comment_status":"closed","ping_status":"closed","sticky":false,"template":"","format":"standard","meta":{"footnotes":""},"categories":[164],"tags":[],"_links":{"self":[{"href":"https:\/\/dikcg.me\/wpold\/niksic\/wp-json\/wp\/v2\/posts\/729"}],"collection":[{"href":"https:\/\/dikcg.me\/wpold\/niksic\/wp-json\/wp\/v2\/posts"}],"about":[{"href":"https:\/\/dikcg.me\/wpold\/niksic\/wp-json\/wp\/v2\/types\/post"}],"author":[{"embeddable":true,"href":"https:\/\/dikcg.me\/wpold\/niksic\/wp-json\/wp\/v2\/users\/56"}],"replies":[{"embeddable":true,"href":"https:\/\/dikcg.me\/wpold\/niksic\/wp-json\/wp\/v2\/comments?post=729"}],"version-history":[{"count":1,"href":"https:\/\/dikcg.me\/wpold\/niksic\/wp-json\/wp\/v2\/posts\/729\/revisions"}],"predecessor-version":[{"id":732,"href":"https:\/\/dikcg.me\/wpold\/niksic\/wp-json\/wp\/v2\/posts\/729\/revisions\/732"}],"wp:attachment":[{"href":"https:\/\/dikcg.me\/wpold\/niksic\/wp-json\/wp\/v2\/media?parent=729"}],"wp:term":[{"taxonomy":"category","embeddable":true,"href":"https:\/\/dikcg.me\/wpold\/niksic\/wp-json\/wp\/v2\/categories?post=729"},{"taxonomy":"post_tag","embeddable":true,"href":"https:\/\/dikcg.me\/wpold\/niksic\/wp-json\/wp\/v2\/tags?post=729"}],"curies":[{"name":"wp","href":"https:\/\/api.w.org\/{rel}","templated":true}]}}