{"id":1203,"date":"2021-07-02T14:06:37","date_gmt":"2021-07-02T13:06:37","guid":{"rendered":"https:\/\/niksic.dik.co.me\/?p=1203"},"modified":"2021-07-02T14:06:37","modified_gmt":"2021-07-02T13:06:37","slug":"izvjestaj-o-popuni-upraznjenog-odbornickog-mjesta-milena-buric","status":"publish","type":"post","link":"https:\/\/dikcg.me\/wpold\/niksic\/izvjestaj-o-popuni-upraznjenog-odbornickog-mjesta-milena-buric\/","title":{"rendered":"Izvje\u0161taj o popuni upra\u017enjenog odborni\u010dkog mjesta &#8211; Milena Buri\u0107"},"content":{"rendered":"","protected":false},"excerpt":{"rendered":"","protected":false},"author":72,"featured_media":0,"comment_status":"closed","ping_status":"closed","sticky":false,"template":"","format":"standard","meta":{"footnotes":""},"categories":[192,194,167],"tags":[],"_links":{"self":[{"href":"https:\/\/dikcg.me\/wpold\/niksic\/wp-json\/wp\/v2\/posts\/1203"}],"collection":[{"href":"https:\/\/dikcg.me\/wpold\/niksic\/wp-json\/wp\/v2\/posts"}],"about":[{"href":"https:\/\/dikcg.me\/wpold\/niksic\/wp-json\/wp\/v2\/types\/post"}],"author":[{"embeddable":true,"href":"https:\/\/dikcg.me\/wpold\/niksic\/wp-json\/wp\/v2\/users\/72"}],"replies":[{"embeddable":true,"href":"https:\/\/dikcg.me\/wpold\/niksic\/wp-json\/wp\/v2\/comments?post=1203"}],"version-history":[{"count":1,"href":"https:\/\/dikcg.me\/wpold\/niksic\/wp-json\/wp\/v2\/posts\/1203\/revisions"}],"predecessor-version":[{"id":1206,"href":"https:\/\/dikcg.me\/wpold\/niksic\/wp-json\/wp\/v2\/posts\/1203\/revisions\/1206"}],"wp:attachment":[{"href":"https:\/\/dikcg.me\/wpold\/niksic\/wp-json\/wp\/v2\/media?parent=1203"}],"wp:term":[{"taxonomy":"category","embeddable":true,"href":"https:\/\/dikcg.me\/wpold\/niksic\/wp-json\/wp\/v2\/categories?post=1203"},{"taxonomy":"post_tag","embeddable":true,"href":"https:\/\/dikcg.me\/wpold\/niksic\/wp-json\/wp\/v2\/tags?post=1203"}],"curies":[{"name":"wp","href":"https:\/\/api.w.org\/{rel}","templated":true}]}}