{"id":892,"date":"2020-08-17T18:31:37","date_gmt":"2020-08-17T17:31:37","guid":{"rendered":"https:\/\/mojkovac.dik.co.me\/?p=892"},"modified":"2020-08-17T18:35:55","modified_gmt":"2020-08-17T17:35:55","slug":"zakljucak-opunomoceni-predstavnik-u-prosireni-sastav-birackih-odbora-ispred-izborne-liste-socijaldemokrate-ivan-brajovic-mi-odlucujemo-dosljedno","status":"publish","type":"post","link":"https:\/\/dikcg.me\/wpold\/mojkovac\/zakljucak-opunomoceni-predstavnik-u-prosireni-sastav-birackih-odbora-ispred-izborne-liste-socijaldemokrate-ivan-brajovic-mi-odlucujemo-dosljedno\/","title":{"rendered":"Zaklju\u010dak-opunomo\u0107eni predstavnik u pro\u0161ireni sastav bira\u010dkih odbora ispred izborne liste \u201cSocijaldemokrate \u2013 Ivan Brajovi\u0107 \u2013 Mi odlu\u010dujemo DOSLJEDNO\u201d"},"content":{"rendered":"","protected":false},"excerpt":{"rendered":"","protected":false},"author":71,"featured_media":0,"comment_status":"closed","ping_status":"closed","sticky":false,"template":"","format":"standard","meta":{"footnotes":""},"categories":[184],"tags":[],"_links":{"self":[{"href":"https:\/\/dikcg.me\/wpold\/mojkovac\/wp-json\/wp\/v2\/posts\/892"}],"collection":[{"href":"https:\/\/dikcg.me\/wpold\/mojkovac\/wp-json\/wp\/v2\/posts"}],"about":[{"href":"https:\/\/dikcg.me\/wpold\/mojkovac\/wp-json\/wp\/v2\/types\/post"}],"author":[{"embeddable":true,"href":"https:\/\/dikcg.me\/wpold\/mojkovac\/wp-json\/wp\/v2\/users\/71"}],"replies":[{"embeddable":true,"href":"https:\/\/dikcg.me\/wpold\/mojkovac\/wp-json\/wp\/v2\/comments?post=892"}],"version-history":[{"count":1,"href":"https:\/\/dikcg.me\/wpold\/mojkovac\/wp-json\/wp\/v2\/posts\/892\/revisions"}],"predecessor-version":[{"id":893,"href":"https:\/\/dikcg.me\/wpold\/mojkovac\/wp-json\/wp\/v2\/posts\/892\/revisions\/893"}],"wp:attachment":[{"href":"https:\/\/dikcg.me\/wpold\/mojkovac\/wp-json\/wp\/v2\/media?parent=892"}],"wp:term":[{"taxonomy":"category","embeddable":true,"href":"https:\/\/dikcg.me\/wpold\/mojkovac\/wp-json\/wp\/v2\/categories?post=892"},{"taxonomy":"post_tag","embeddable":true,"href":"https:\/\/dikcg.me\/wpold\/mojkovac\/wp-json\/wp\/v2\/tags?post=892"}],"curies":[{"name":"wp","href":"https:\/\/api.w.org\/{rel}","templated":true}]}}