{"id":886,"date":"2020-08-17T18:28:29","date_gmt":"2020-08-17T17:28:29","guid":{"rendered":"https:\/\/mojkovac.dik.co.me\/?p=886"},"modified":"2020-08-17T18:34:57","modified_gmt":"2020-08-17T17:34:57","slug":"zakljucak-opunomoceni-predstavnik-u-prosireni-sastav-oik-mojkovac-ispred-izborne-liste-odlucno-za-crnu-goru-dps-milo-dukanovic","status":"publish","type":"post","link":"https:\/\/dikcg.me\/wpold\/mojkovac\/zakljucak-opunomoceni-predstavnik-u-prosireni-sastav-oik-mojkovac-ispred-izborne-liste-odlucno-za-crnu-goru-dps-milo-dukanovic\/","title":{"rendered":"Zaklju\u010dak-opunomo\u0107eni predstavnik u pro\u0161ireni sastav OIK Mojkovac ispred izborne liste \u201cOdlu\u010dno za Crnu Goru! DPS \u2013 MILO \u0110UKANOVI\u0106\u201d"},"content":{"rendered":"","protected":false},"excerpt":{"rendered":"","protected":false},"author":71,"featured_media":0,"comment_status":"closed","ping_status":"closed","sticky":false,"template":"","format":"standard","meta":{"footnotes":""},"categories":[184],"tags":[],"_links":{"self":[{"href":"https:\/\/dikcg.me\/wpold\/mojkovac\/wp-json\/wp\/v2\/posts\/886"}],"collection":[{"href":"https:\/\/dikcg.me\/wpold\/mojkovac\/wp-json\/wp\/v2\/posts"}],"about":[{"href":"https:\/\/dikcg.me\/wpold\/mojkovac\/wp-json\/wp\/v2\/types\/post"}],"author":[{"embeddable":true,"href":"https:\/\/dikcg.me\/wpold\/mojkovac\/wp-json\/wp\/v2\/users\/71"}],"replies":[{"embeddable":true,"href":"https:\/\/dikcg.me\/wpold\/mojkovac\/wp-json\/wp\/v2\/comments?post=886"}],"version-history":[{"count":1,"href":"https:\/\/dikcg.me\/wpold\/mojkovac\/wp-json\/wp\/v2\/posts\/886\/revisions"}],"predecessor-version":[{"id":891,"href":"https:\/\/dikcg.me\/wpold\/mojkovac\/wp-json\/wp\/v2\/posts\/886\/revisions\/891"}],"wp:attachment":[{"href":"https:\/\/dikcg.me\/wpold\/mojkovac\/wp-json\/wp\/v2\/media?parent=886"}],"wp:term":[{"taxonomy":"category","embeddable":true,"href":"https:\/\/dikcg.me\/wpold\/mojkovac\/wp-json\/wp\/v2\/categories?post=886"},{"taxonomy":"post_tag","embeddable":true,"href":"https:\/\/dikcg.me\/wpold\/mojkovac\/wp-json\/wp\/v2\/tags?post=886"}],"curies":[{"name":"wp","href":"https:\/\/api.w.org\/{rel}","templated":true}]}}