{"id":884,"date":"2020-08-17T18:24:59","date_gmt":"2020-08-17T17:24:59","guid":{"rendered":"https:\/\/mojkovac.dik.co.me\/?p=884"},"modified":"2020-08-17T18:24:59","modified_gmt":"2020-08-17T17:24:59","slug":"zakljucak-opunomoceni-predstavnik-u-prosireni-sastav-oik-mojkovac-ispred-izborne-liste-socijaldemokrate-ivan-brajovic-mi-odlucujemo-dosljedno","status":"publish","type":"post","link":"https:\/\/dikcg.me\/wpold\/mojkovac\/zakljucak-opunomoceni-predstavnik-u-prosireni-sastav-oik-mojkovac-ispred-izborne-liste-socijaldemokrate-ivan-brajovic-mi-odlucujemo-dosljedno\/","title":{"rendered":"Zaklju\u010dak-opunomo\u0107eni predstavnik u pro\u0161ireni sastav OIK Mojkovac ispred izborne liste \u201cSocijaldemokrate \u2013 Ivan Brajovi\u0107 \u2013 Mi odlu\u010dujemo DOSLJEDNO\u201d"},"content":{"rendered":"","protected":false},"excerpt":{"rendered":"","protected":false},"author":71,"featured_media":0,"comment_status":"closed","ping_status":"closed","sticky":false,"template":"","format":"standard","meta":{"footnotes":""},"categories":[184],"tags":[],"_links":{"self":[{"href":"https:\/\/dikcg.me\/wpold\/mojkovac\/wp-json\/wp\/v2\/posts\/884"}],"collection":[{"href":"https:\/\/dikcg.me\/wpold\/mojkovac\/wp-json\/wp\/v2\/posts"}],"about":[{"href":"https:\/\/dikcg.me\/wpold\/mojkovac\/wp-json\/wp\/v2\/types\/post"}],"author":[{"embeddable":true,"href":"https:\/\/dikcg.me\/wpold\/mojkovac\/wp-json\/wp\/v2\/users\/71"}],"replies":[{"embeddable":true,"href":"https:\/\/dikcg.me\/wpold\/mojkovac\/wp-json\/wp\/v2\/comments?post=884"}],"version-history":[{"count":1,"href":"https:\/\/dikcg.me\/wpold\/mojkovac\/wp-json\/wp\/v2\/posts\/884\/revisions"}],"predecessor-version":[{"id":885,"href":"https:\/\/dikcg.me\/wpold\/mojkovac\/wp-json\/wp\/v2\/posts\/884\/revisions\/885"}],"wp:attachment":[{"href":"https:\/\/dikcg.me\/wpold\/mojkovac\/wp-json\/wp\/v2\/media?parent=884"}],"wp:term":[{"taxonomy":"category","embeddable":true,"href":"https:\/\/dikcg.me\/wpold\/mojkovac\/wp-json\/wp\/v2\/categories?post=884"},{"taxonomy":"post_tag","embeddable":true,"href":"https:\/\/dikcg.me\/wpold\/mojkovac\/wp-json\/wp\/v2\/tags?post=884"}],"curies":[{"name":"wp","href":"https:\/\/api.w.org\/{rel}","templated":true}]}}