{"id":1422,"date":"2021-12-04T20:13:42","date_gmt":"2021-12-04T19:13:42","guid":{"rendered":"https:\/\/mojkovac.dik.co.me\/?p=1422"},"modified":"2021-12-04T20:14:16","modified_gmt":"2021-12-04T19:14:16","slug":"zakljucak-izmjena-rjesenja-o-imenovanju-bo-koalicija-za-buducnost-mojkovca","status":"publish","type":"post","link":"https:\/\/dikcg.me\/wpold\/mojkovac\/zakljucak-izmjena-rjesenja-o-imenovanju-bo-koalicija-za-buducnost-mojkovca\/","title":{"rendered":"Zaklju\u010dak-izmjena rje\u0161enja o imenovanju BO-Koalicija &#8220;Za budu\u0107nost Mojkovca&#8221;"},"content":{"rendered":"","protected":false},"excerpt":{"rendered":"","protected":false},"author":71,"featured_media":0,"comment_status":"closed","ping_status":"closed","sticky":false,"template":"","format":"standard","meta":{"footnotes":""},"categories":[193,194,141,142,164],"tags":[],"_links":{"self":[{"href":"https:\/\/dikcg.me\/wpold\/mojkovac\/wp-json\/wp\/v2\/posts\/1422"}],"collection":[{"href":"https:\/\/dikcg.me\/wpold\/mojkovac\/wp-json\/wp\/v2\/posts"}],"about":[{"href":"https:\/\/dikcg.me\/wpold\/mojkovac\/wp-json\/wp\/v2\/types\/post"}],"author":[{"embeddable":true,"href":"https:\/\/dikcg.me\/wpold\/mojkovac\/wp-json\/wp\/v2\/users\/71"}],"replies":[{"embeddable":true,"href":"https:\/\/dikcg.me\/wpold\/mojkovac\/wp-json\/wp\/v2\/comments?post=1422"}],"version-history":[{"count":1,"href":"https:\/\/dikcg.me\/wpold\/mojkovac\/wp-json\/wp\/v2\/posts\/1422\/revisions"}],"predecessor-version":[{"id":1423,"href":"https:\/\/dikcg.me\/wpold\/mojkovac\/wp-json\/wp\/v2\/posts\/1422\/revisions\/1423"}],"wp:attachment":[{"href":"https:\/\/dikcg.me\/wpold\/mojkovac\/wp-json\/wp\/v2\/media?parent=1422"}],"wp:term":[{"taxonomy":"category","embeddable":true,"href":"https:\/\/dikcg.me\/wpold\/mojkovac\/wp-json\/wp\/v2\/categories?post=1422"},{"taxonomy":"post_tag","embeddable":true,"href":"https:\/\/dikcg.me\/wpold\/mojkovac\/wp-json\/wp\/v2\/tags?post=1422"}],"curies":[{"name":"wp","href":"https:\/\/api.w.org\/{rel}","templated":true}]}}