{"id":1060,"date":"2023-02-10T23:30:52","date_gmt":"2023-02-10T22:30:52","guid":{"rendered":"https:\/\/kotor.dik.co.me\/?p=1060"},"modified":"2023-03-06T23:31:59","modified_gmt":"2023-03-06T22:31:59","slug":"kalendar-izbornih-radnji-2","status":"publish","type":"post","link":"https:\/\/dikcg.me\/wpold\/kotor\/kalendar-izbornih-radnji-2\/","title":{"rendered":"Kalendar izbornih radnji"},"content":{"rendered":"<p><a href=\"https:\/\/dikcg.me\/wpold\/kotor\/wp-content\/uploads\/sites\/17\/2023\/03\/Kalendar-izbornih-radnji-2023.pdf\">Kalendar rokova za sprovo\u0111enje izbornih radnji na izborima za izbor Predsjednika Crne Gore koji \u0107e se odr\u017eati 19. marta 2023. godine<\/a><\/p>\n","protected":false},"excerpt":{"rendered":"Kalendar rokova za sprovo\u0111enje izbornih radnji na izborima za izbor Predsjednika Crne Gore koji \u0107e se odr\u017eati 19. marta 2023. godine","protected":false},"author":56,"featured_media":0,"comment_status":"closed","ping_status":"closed","sticky":false,"template":"","format":"standard","meta":{"footnotes":""},"categories":[183],"tags":[],"_links":{"self":[{"href":"https:\/\/dikcg.me\/wpold\/kotor\/wp-json\/wp\/v2\/posts\/1060"}],"collection":[{"href":"https:\/\/dikcg.me\/wpold\/kotor\/wp-json\/wp\/v2\/posts"}],"about":[{"href":"https:\/\/dikcg.me\/wpold\/kotor\/wp-json\/wp\/v2\/types\/post"}],"author":[{"embeddable":true,"href":"https:\/\/dikcg.me\/wpold\/kotor\/wp-json\/wp\/v2\/users\/56"}],"replies":[{"embeddable":true,"href":"https:\/\/dikcg.me\/wpold\/kotor\/wp-json\/wp\/v2\/comments?post=1060"}],"version-history":[{"count":1,"href":"https:\/\/dikcg.me\/wpold\/kotor\/wp-json\/wp\/v2\/posts\/1060\/revisions"}],"predecessor-version":[{"id":1061,"href":"https:\/\/dikcg.me\/wpold\/kotor\/wp-json\/wp\/v2\/posts\/1060\/revisions\/1061"}],"wp:attachment":[{"href":"https:\/\/dikcg.me\/wpold\/kotor\/wp-json\/wp\/v2\/media?parent=1060"}],"wp:term":[{"taxonomy":"category","embeddable":true,"href":"https:\/\/dikcg.me\/wpold\/kotor\/wp-json\/wp\/v2\/categories?post=1060"},{"taxonomy":"post_tag","embeddable":true,"href":"https:\/\/dikcg.me\/wpold\/kotor\/wp-json\/wp\/v2\/tags?post=1060"}],"curies":[{"name":"wp","href":"https:\/\/api.w.org\/{rel}","templated":true}]}}