{"id":905,"date":"2022-09-27T23:07:27","date_gmt":"2022-09-27T22:07:27","guid":{"rendered":"https:\/\/kolasin.dik.co.me\/?p=905"},"modified":"2022-09-29T11:30:08","modified_gmt":"2022-09-29T10:30:08","slug":"zakljucak-o-otklanjanju-nedostataka-izborne-liste-moze-kolasinmoze-crna-gora-dr-dritan-abazovic-gradanski-pokret-ura-i-slobodni-gradani","status":"publish","type":"post","link":"https:\/\/dikcg.me\/wpold\/kolasin\/zakljucak-o-otklanjanju-nedostataka-izborne-liste-moze-kolasinmoze-crna-gora-dr-dritan-abazovic-gradanski-pokret-ura-i-slobodni-gradani\/","title":{"rendered":"Zaklju\u010dak o otklanjanju nedostataka izborne liste Mo\u017ee Kola\u0161in!Mo\u017ee Crna Gora!- dr Dritan Abazovi\u0107-Gra\u0111anski pokret URA i slobodni gra\u0111ani"},"content":{"rendered":"","protected":false},"excerpt":{"rendered":"","protected":false},"author":69,"featured_media":0,"comment_status":"closed","ping_status":"closed","sticky":false,"template":"","format":"standard","meta":{"footnotes":""},"categories":[193],"tags":[],"_links":{"self":[{"href":"https:\/\/dikcg.me\/wpold\/kolasin\/wp-json\/wp\/v2\/posts\/905"}],"collection":[{"href":"https:\/\/dikcg.me\/wpold\/kolasin\/wp-json\/wp\/v2\/posts"}],"about":[{"href":"https:\/\/dikcg.me\/wpold\/kolasin\/wp-json\/wp\/v2\/types\/post"}],"author":[{"embeddable":true,"href":"https:\/\/dikcg.me\/wpold\/kolasin\/wp-json\/wp\/v2\/users\/69"}],"replies":[{"embeddable":true,"href":"https:\/\/dikcg.me\/wpold\/kolasin\/wp-json\/wp\/v2\/comments?post=905"}],"version-history":[{"count":2,"href":"https:\/\/dikcg.me\/wpold\/kolasin\/wp-json\/wp\/v2\/posts\/905\/revisions"}],"predecessor-version":[{"id":913,"href":"https:\/\/dikcg.me\/wpold\/kolasin\/wp-json\/wp\/v2\/posts\/905\/revisions\/913"}],"wp:attachment":[{"href":"https:\/\/dikcg.me\/wpold\/kolasin\/wp-json\/wp\/v2\/media?parent=905"}],"wp:term":[{"taxonomy":"category","embeddable":true,"href":"https:\/\/dikcg.me\/wpold\/kolasin\/wp-json\/wp\/v2\/categories?post=905"},{"taxonomy":"post_tag","embeddable":true,"href":"https:\/\/dikcg.me\/wpold\/kolasin\/wp-json\/wp\/v2\/tags?post=905"}],"curies":[{"name":"wp","href":"https:\/\/api.w.org\/{rel}","templated":true}]}}