{"id":855,"date":"2019-03-15T10:36:52","date_gmt":"2019-03-15T09:36:52","guid":{"rendered":"http:\/\/herceg-novi.dik.co.me\/?p=855"},"modified":"2020-06-30T08:06:45","modified_gmt":"2020-06-30T07:06:45","slug":"izvjestaj-skupstini-opstine-herceg-novi-o-popuni-upraznjenog-odbornickog-mjesta-oik-4-19-1","status":"publish","type":"post","link":"https:\/\/dikcg.me\/wpold\/herceg-novi\/izvjestaj-skupstini-opstine-herceg-novi-o-popuni-upraznjenog-odbornickog-mjesta-oik-4-19-1\/","title":{"rendered":"Izvje\u0161taj Skup\u0161tini op\u0161tine Herceg Novi o popuni upra\u017enjenog odborni\u010dkog mjesta OIK-4\/19-1"},"content":{"rendered":"","protected":false},"excerpt":{"rendered":"","protected":false},"author":56,"featured_media":0,"comment_status":"closed","ping_status":"closed","sticky":false,"template":"","format":"standard","meta":{"footnotes":""},"categories":[185],"tags":[],"_links":{"self":[{"href":"https:\/\/dikcg.me\/wpold\/herceg-novi\/wp-json\/wp\/v2\/posts\/855"}],"collection":[{"href":"https:\/\/dikcg.me\/wpold\/herceg-novi\/wp-json\/wp\/v2\/posts"}],"about":[{"href":"https:\/\/dikcg.me\/wpold\/herceg-novi\/wp-json\/wp\/v2\/types\/post"}],"author":[{"embeddable":true,"href":"https:\/\/dikcg.me\/wpold\/herceg-novi\/wp-json\/wp\/v2\/users\/56"}],"replies":[{"embeddable":true,"href":"https:\/\/dikcg.me\/wpold\/herceg-novi\/wp-json\/wp\/v2\/comments?post=855"}],"version-history":[{"count":3,"href":"https:\/\/dikcg.me\/wpold\/herceg-novi\/wp-json\/wp\/v2\/posts\/855\/revisions"}],"predecessor-version":[{"id":991,"href":"https:\/\/dikcg.me\/wpold\/herceg-novi\/wp-json\/wp\/v2\/posts\/855\/revisions\/991"}],"wp:attachment":[{"href":"https:\/\/dikcg.me\/wpold\/herceg-novi\/wp-json\/wp\/v2\/media?parent=855"}],"wp:term":[{"taxonomy":"category","embeddable":true,"href":"https:\/\/dikcg.me\/wpold\/herceg-novi\/wp-json\/wp\/v2\/categories?post=855"},{"taxonomy":"post_tag","embeddable":true,"href":"https:\/\/dikcg.me\/wpold\/herceg-novi\/wp-json\/wp\/v2\/tags?post=855"}],"curies":[{"name":"wp","href":"https:\/\/api.w.org\/{rel}","templated":true}]}}