{"id":1097,"date":"2021-04-14T10:46:30","date_gmt":"2021-04-14T09:46:30","guid":{"rendered":"https:\/\/herceg-novi.dik.co.me\/?p=1097"},"modified":"2021-04-14T10:59:18","modified_gmt":"2021-04-14T09:59:18","slug":"pravi-novi-sloboda-u-nasim-rukama-marko-milacic","status":"publish","type":"post","link":"https:\/\/dikcg.me\/wpold\/herceg-novi\/pravi-novi-sloboda-u-nasim-rukama-marko-milacic\/","title":{"rendered":"PRAVI NOVI &#8211; SLOBODA U NA\u0160IM RUKAMA &#8211; MARKO MILA\u010cI\u0106"},"content":{"rendered":"","protected":false},"excerpt":{"rendered":"","protected":false},"author":68,"featured_media":0,"comment_status":"closed","ping_status":"closed","sticky":false,"template":"","format":"standard","meta":{"footnotes":""},"categories":[213],"tags":[],"_links":{"self":[{"href":"https:\/\/dikcg.me\/wpold\/herceg-novi\/wp-json\/wp\/v2\/posts\/1097"}],"collection":[{"href":"https:\/\/dikcg.me\/wpold\/herceg-novi\/wp-json\/wp\/v2\/posts"}],"about":[{"href":"https:\/\/dikcg.me\/wpold\/herceg-novi\/wp-json\/wp\/v2\/types\/post"}],"author":[{"embeddable":true,"href":"https:\/\/dikcg.me\/wpold\/herceg-novi\/wp-json\/wp\/v2\/users\/68"}],"replies":[{"embeddable":true,"href":"https:\/\/dikcg.me\/wpold\/herceg-novi\/wp-json\/wp\/v2\/comments?post=1097"}],"version-history":[{"count":1,"href":"https:\/\/dikcg.me\/wpold\/herceg-novi\/wp-json\/wp\/v2\/posts\/1097\/revisions"}],"predecessor-version":[{"id":1100,"href":"https:\/\/dikcg.me\/wpold\/herceg-novi\/wp-json\/wp\/v2\/posts\/1097\/revisions\/1100"}],"wp:attachment":[{"href":"https:\/\/dikcg.me\/wpold\/herceg-novi\/wp-json\/wp\/v2\/media?parent=1097"}],"wp:term":[{"taxonomy":"category","embeddable":true,"href":"https:\/\/dikcg.me\/wpold\/herceg-novi\/wp-json\/wp\/v2\/categories?post=1097"},{"taxonomy":"post_tag","embeddable":true,"href":"https:\/\/dikcg.me\/wpold\/herceg-novi\/wp-json\/wp\/v2\/tags?post=1097"}],"curies":[{"name":"wp","href":"https:\/\/api.w.org\/{rel}","templated":true}]}}