{"id":940,"date":"2023-03-04T13:44:35","date_gmt":"2023-03-04T12:44:35","guid":{"rendered":"https:\/\/gusinje.dik.co.me\/?p=940"},"modified":"2023-03-04T13:53:55","modified_gmt":"2023-03-04T12:53:55","slug":"rjesenje-o-odredivanju-birackih-mjesta-za-izbor-predsjednika-crne-gore","status":"publish","type":"post","link":"https:\/\/dikcg.me\/wpold\/gusinje\/rjesenje-o-odredivanju-birackih-mjesta-za-izbor-predsjednika-crne-gore\/","title":{"rendered":"Rje\u0161enje o odre\u0111ivanju bira\u010dkih mjesta na teritoriji Op\u0161tine Gusinje za izbor Predsjednika Crne Gore"},"content":{"rendered":"","protected":false},"excerpt":{"rendered":"","protected":false},"author":67,"featured_media":0,"comment_status":"closed","ping_status":"closed","sticky":false,"template":"","format":"standard","meta":{"footnotes":""},"categories":[188],"tags":[],"_links":{"self":[{"href":"https:\/\/dikcg.me\/wpold\/gusinje\/wp-json\/wp\/v2\/posts\/940"}],"collection":[{"href":"https:\/\/dikcg.me\/wpold\/gusinje\/wp-json\/wp\/v2\/posts"}],"about":[{"href":"https:\/\/dikcg.me\/wpold\/gusinje\/wp-json\/wp\/v2\/types\/post"}],"author":[{"embeddable":true,"href":"https:\/\/dikcg.me\/wpold\/gusinje\/wp-json\/wp\/v2\/users\/67"}],"replies":[{"embeddable":true,"href":"https:\/\/dikcg.me\/wpold\/gusinje\/wp-json\/wp\/v2\/comments?post=940"}],"version-history":[{"count":2,"href":"https:\/\/dikcg.me\/wpold\/gusinje\/wp-json\/wp\/v2\/posts\/940\/revisions"}],"predecessor-version":[{"id":947,"href":"https:\/\/dikcg.me\/wpold\/gusinje\/wp-json\/wp\/v2\/posts\/940\/revisions\/947"}],"wp:attachment":[{"href":"https:\/\/dikcg.me\/wpold\/gusinje\/wp-json\/wp\/v2\/media?parent=940"}],"wp:term":[{"taxonomy":"category","embeddable":true,"href":"https:\/\/dikcg.me\/wpold\/gusinje\/wp-json\/wp\/v2\/categories?post=940"},{"taxonomy":"post_tag","embeddable":true,"href":"https:\/\/dikcg.me\/wpold\/gusinje\/wp-json\/wp\/v2\/tags?post=940"}],"curies":[{"name":"wp","href":"https:\/\/api.w.org\/{rel}","templated":true}]}}