{"id":906,"date":"2020-08-26T12:50:19","date_gmt":"2020-08-26T11:50:19","guid":{"rendered":"https:\/\/gusinje.dik.co.me\/?p=906"},"modified":"2020-08-26T12:50:19","modified_gmt":"2020-08-26T11:50:19","slug":"zakljucak-za-opunomocene-predstavnike-koalicije-bosnjacke-stranke-liberalne-partije-u-prosireni-sastav-birackih-odbora","status":"publish","type":"post","link":"https:\/\/dikcg.me\/wpold\/gusinje\/zakljucak-za-opunomocene-predstavnike-koalicije-bosnjacke-stranke-liberalne-partije-u-prosireni-sastav-birackih-odbora\/","title":{"rendered":"Zaklju\u010dak za opunomo\u0107ene predstavnike koalicije Bo\u0161nja\u010dke stranke &#8211; Liberalne partije u pro\u0161ireni sastav bira\u010dkih odbora"},"content":{"rendered":"<p>Na osnovu \u010dlana 36 stav 3 Zakona o izboru odbornika i poslanika (,,Slu\u017ebeni list Republike Crne Gore\u201c br. 04\/98, 05\/98, 17\/98, 14\/00, 18\/00, 9\/01, 41\/02, 46\/02, 45\/04, 48\/06, 56\/06 i ,,Slu\u017ebeni list Crne Gore\u201c br. 46\/11, 14\/14, 47\/14, 12\/16, 60\/17 i 10\/18) <strong>Op\u0161tinska izborna komisija Gusinje, <\/strong>dana 25.08.2020. godine, donijela je<\/p>\n<p style=\"text-align: center\"><strong>Z A K L J U \u010c A K<\/strong><\/p>\n<p><strong>UTVR\u0110UJE SE<\/strong> da su opunomo\u0107eni predstavnici izborne liste ,,Ispravno za Gusinje\u201d \u2013 Rafet Husovi\u0107 (BS-LP), u pro\u0161ireni sastav bira\u010dkog odbora na bira\u010dkim mjestima:<\/p>\n<ol>\n<li>Bira\u010dko mjesto broj 1 Martinovi\u0107e \u2013 Emrah Radon\u010di\u0107<\/li>\n<li>Bira\u010dko mjesto broj 2 Dosu\u0111e \u2013 Raisa Omeragi\u0107<\/li>\n<li>Bira\u010dko mjesto broj 3 Grn\u010dar \u2013 Aladin Pjetrovi\u0107<\/li>\n<li>Bira\u010dko mjesto broj 4 Gusinje I \u2013 Emir Deljanin (\u010dlan) i Amar Muli\u0107 (zamjenik \u010dlana)<\/li>\n<li>Bira\u010dko mjesto broj 5 Gusinje II \u2013 Nermina Bekte\u0161evi\u0107<\/li>\n<li>Bira\u010dko mjesto broj 6 Gusinje III \u2013 Samir \u010ceki\u0107<\/li>\n<li>Bira\u010dko mjesto broj 9 Kru\u0161evo-Vi\u0161njevo \u2013 Admir Bekte\u0161evi\u0107<\/li>\n<li>Bira\u010dko mjesto broj 10 Vusanje \u2013 Safet \u010ceki\u0107<\/li>\n<\/ol>\n","protected":false},"excerpt":{"rendered":"Na osnovu \u010dlana 36 stav 3 Zakona o izboru odbornika i poslanika (,,Slu\u017ebeni list Republike Crne Gore\u201c br. 04\/98, 05\/98, 17\/98, 14\/00, 18\/00, 9\/01, 41\/02, 46\/02, 45\/04, 48\/06, 56\/06 i ,,Slu\u017ebeni list Crne Gore\u201c br. 46\/11, 14\/14, 47\/14, 12\/16, 60\/17 i 10\/18) Op\u0161tinska izborna komisija Gusinje, dana 25.08.2020. godine, donijela je Z A K L&#8230; <a href=\"https:\/\/dikcg.me\/wpold\/gusinje\/zakljucak-za-opunomocene-predstavnike-koalicije-bosnjacke-stranke-liberalne-partije-u-prosireni-sastav-birackih-odbora\/\">Read more <i class=\"fas fa-angle-right\"><\/i><\/a>","protected":false},"author":67,"featured_media":0,"comment_status":"closed","ping_status":"closed","sticky":false,"template":"","format":"standard","meta":{"footnotes":""},"categories":[185],"tags":[],"_links":{"self":[{"href":"https:\/\/dikcg.me\/wpold\/gusinje\/wp-json\/wp\/v2\/posts\/906"}],"collection":[{"href":"https:\/\/dikcg.me\/wpold\/gusinje\/wp-json\/wp\/v2\/posts"}],"about":[{"href":"https:\/\/dikcg.me\/wpold\/gusinje\/wp-json\/wp\/v2\/types\/post"}],"author":[{"embeddable":true,"href":"https:\/\/dikcg.me\/wpold\/gusinje\/wp-json\/wp\/v2\/users\/67"}],"replies":[{"embeddable":true,"href":"https:\/\/dikcg.me\/wpold\/gusinje\/wp-json\/wp\/v2\/comments?post=906"}],"version-history":[{"count":1,"href":"https:\/\/dikcg.me\/wpold\/gusinje\/wp-json\/wp\/v2\/posts\/906\/revisions"}],"predecessor-version":[{"id":909,"href":"https:\/\/dikcg.me\/wpold\/gusinje\/wp-json\/wp\/v2\/posts\/906\/revisions\/909"}],"wp:attachment":[{"href":"https:\/\/dikcg.me\/wpold\/gusinje\/wp-json\/wp\/v2\/media?parent=906"}],"wp:term":[{"taxonomy":"category","embeddable":true,"href":"https:\/\/dikcg.me\/wpold\/gusinje\/wp-json\/wp\/v2\/categories?post=906"},{"taxonomy":"post_tag","embeddable":true,"href":"https:\/\/dikcg.me\/wpold\/gusinje\/wp-json\/wp\/v2\/tags?post=906"}],"curies":[{"name":"wp","href":"https:\/\/api.w.org\/{rel}","templated":true}]}}