{"id":863,"date":"2020-08-13T18:48:27","date_gmt":"2020-08-13T17:48:27","guid":{"rendered":"https:\/\/gusinje.dik.co.me\/?p=863"},"modified":"2020-08-13T18:48:27","modified_gmt":"2020-08-13T17:48:27","slug":"obavjestenje-politickim-partijama-o-zastupljenosti-njihovih-predstavnika-u-stalni-sastav-birackih-odbora-za-izbor-odbornika-u-skupstini-opstine-gusinje-i-izbor-poslanika-u-skupstini-crne-gore","status":"publish","type":"post","link":"https:\/\/dikcg.me\/wpold\/gusinje\/obavjestenje-politickim-partijama-o-zastupljenosti-njihovih-predstavnika-u-stalni-sastav-birackih-odbora-za-izbor-odbornika-u-skupstini-opstine-gusinje-i-izbor-poslanika-u-skupstini-crne-gore\/","title":{"rendered":"Obavje\u0161tenje politi\u010dkim partijama o zastupljenosti njihovih predstavnika u stalni sastav bira\u010dkih odbora za izbor odbornika u Skup\u0161tini Op\u0161tine Gusinje i izbor poslanika u Skup\u0161tini Crne Gore"},"content":{"rendered":"<p style=\"text-align: center\"><strong>O B A V J E <\/strong><strong>\u0160 T E NJ E<\/strong><\/p>\n<p style=\"text-align: center\">__________________________<\/p>\n<p style=\"text-align: center\">\n<p>Obavje\u0161tavamo Vas da je Op\u0161tinska izborna komisija u obavezi da donese Rje\u0161enje o imenovanju bira\u010dkih odbora (predsjednik, zamjenik predsjednika, \u010dlanovi i njihovi zamjenici) u stalnom sastavu, za izbor odbornika u Skup\u0161tini Op\u0161tine Gusinje i za izbor poslanika u Skup\u0161tini Crne Gore, koji \u0107e se odr\u017eati 30. avgusta 2020. godine.<\/p>\n<p>Shodno \u010dlanu 35 i 35 a Zakona o izboru odbornika i poslanika, Op\u0161tinska izborna komisija je dana 08.08.2020. godine \u017erijebom odredila bira\u010dka mjesta na kojima politi\u010dke partije imaju pravo da predla\u017eu predstavnika za predsjednika bira\u010dkog odbora, a \u010dlanovi bira\u010dkog odbora se raspore\u0111uju shodno \u010dlanu 35 Zakona o izboru odbornika i poslanika.<\/p>\n<p>Shodno navedenom:<\/p>\n<ul>\n<li><strong>DPS-u pripadaju 5 predsjednika (i njihovih zamjenika) bira\u010dkog odbora na sljede\u0107im bira\u010dkim mjestima: Gusinje I, Gusinje II, Gusinje III, Kru\u0161evo, Vusanje, kao i 10 \u010dlanova bira\u010dkog odbora (i njihovih zamjenika) na svakom bira\u010dkom mjestu;<\/strong><\/li>\n<\/ul>\n<p><strong>\u00a0<\/strong><\/p>\n<ul>\n<li><strong>Demokratskom Savezu pripada 1 predsjednik (i njegov zamjenik) bira\u010dkog odbora na bira\u010dkom mjestu Dosudje, kao i 10 \u010dlanova bira\u010dkog odbora (i njihovih zamjenika) na svakom bira\u010dkom mjestu;<\/strong><\/li>\n<\/ul>\n<p><strong>\u00a0<\/strong><\/p>\n<ul>\n<li><strong>SDP-u pripada 1 predsjednik (i njegov zamjenik) bira\u010dkog odbora na bira\u010dkom mjestu Martinovi\u0107e, kao i 10 \u010dlanova bira\u010dkog odbora (i njihovih zamjenika) na svakom bira\u010dkom mjestu;<\/strong><\/li>\n<\/ul>\n<p><strong>\u00a0<\/strong><\/p>\n<ul>\n<li><strong>SD-u pripada 1 predsjednik (i njegov zamjenik) bira\u010dkog odbora na bira\u010dkom mjestu Grn\u010dar, kao i 5 \u010dlanova bira\u010dkog odbora (i njihovih zamjenika) na sljede\u0107im bira\u010dkim mjestima: Dosudje, Gusinje I, Gusinje III, Dolja, Kru\u0161evo;<\/strong><\/li>\n<\/ul>\n<p><strong>\u00a0<\/strong><\/p>\n<ul>\n<li><strong>DUA-AA pripada 1 predsjednik (i njegov zamjenik) bira\u010dkog odbora na bira\u010dkom mjestu Koljenovi\u0107e, kao i 4 \u010dlana bira\u010dkog odbora (i njihovih zamjenika) na sljede\u0107im bira\u010dkim mjestima: Martinovi\u0107e, Grn\u010dar, Gusinje II, Vusanje;<\/strong><\/li>\n<\/ul>\n<p><strong>\u00a0<\/strong><\/p>\n<ul>\n<li><strong>BS-u pripada 1 predsjednik (i njegov zamjenik) bira\u010dkog odbora na bira\u010dkom mjestu Dolja, kao i 1 \u010dlan bira\u010dkog odbora (i njegov zamjenik) na bira\u010dkom mjestu Koljenovi\u0107e.<\/strong><\/li>\n<\/ul>\n<p><strong>\u00a0<\/strong><\/p>\n<p>&nbsp;<\/p>\n<p>Pozivamo Vas da nam u \u0161to kra\u0107em roku, a najkasnije do 17. avgusta 2020. godine dostavite imena predstavnika za predsjednika i \u010dlanove bira\u010dkih odbora, kao i njihove zamjenike (za sva navedena lica je potrebno dostaviti i brojeve telefona), na bira\u010dkim mjestima utvr\u0111enim Rje\u0161enjem o odre\u0111ivanju bira\u010dkih mjesta za izbor odbornika u Skup\u0161tini Op\u0161tine Gusinje i izbor poslanika u Skup\u0161tini Crne Gore, koji \u0107e se odr\u017eati 30. avgusta 2020. godine.<\/p>\n<p>&nbsp;<\/p>\n<p style=\"text-align: center\"><strong>OP\u0160TINSKA IZBORNA KOMISIJA<\/strong><\/p>\n<p>&nbsp;<\/p>\n<p>Br.: 33\/2020<\/p>\n<p>Gusinje, 10.08.2020. godine<\/p>\n<p>&nbsp;<\/p>\n<p>&nbsp;<\/p>\n<p>&nbsp;<\/p>\n<p>Sekretar\u00a0\u00a0\u00a0\u00a0\u00a0\u00a0\u00a0\u00a0\u00a0\u00a0\u00a0\u00a0\u00a0\u00a0\u00a0\u00a0\u00a0\u00a0\u00a0\u00a0\u00a0\u00a0\u00a0\u00a0\u00a0\u00a0\u00a0\u00a0\u00a0\u00a0\u00a0\u00a0\u00a0\u00a0\u00a0\u00a0\u00a0\u00a0\u00a0\u00a0\u00a0\u00a0\u00a0\u00a0\u00a0\u00a0\u00a0\u00a0\u00a0\u00a0\u00a0\u00a0\u00a0\u00a0\u00a0\u00a0\u00a0\u00a0\u00a0\u00a0\u00a0\u00a0\u00a0\u00a0\u00a0\u00a0\u00a0\u00a0\u00a0\u00a0\u00a0\u00a0\u00a0\u00a0\u00a0\u00a0\u00a0\u00a0\u00a0\u00a0\u00a0\u00a0\u00a0\u00a0\u00a0\u00a0\u00a0\u00a0\u00a0\u00a0\u00a0\u00a0 \u00a0\u00a0\u00a0\u00a0\u00a0\u00a0\u00a0\u00a0\u00a0\u00a0\u00a0\u00a0 Predsjednik<\/p>\n<p>Ragip Go\u010daj s.r.\u00a0\u00a0\u00a0\u00a0\u00a0\u00a0\u00a0\u00a0\u00a0\u00a0\u00a0\u00a0\u00a0\u00a0\u00a0\u00a0\u00a0\u00a0\u00a0\u00a0\u00a0\u00a0\u00a0\u00a0\u00a0\u00a0\u00a0\u00a0\u00a0\u00a0\u00a0\u00a0\u00a0\u00a0\u00a0\u00a0\u00a0\u00a0\u00a0\u00a0\u00a0\u00a0\u00a0\u00a0\u00a0\u00a0\u00a0\u00a0\u00a0\u00a0\u00a0\u00a0\u00a0\u00a0\u00a0\u00a0\u00a0\u00a0\u00a0\u00a0\u00a0\u00a0\u00a0\u00a0\u00a0\u00a0\u00a0\u00a0\u00a0\u00a0\u00a0\u00a0\u00a0\u00a0\u00a0\u00a0\u00a0\u00a0\u00a0\u00a0\u00a0\u00a0\u00a0\u00a0\u00a0\u00a0 \u00a0\u00a0\u00a0\u00a0\u00a0\u00a0 Sanid Red\u017eepagi\u0107 s.r.<\/p>\n","protected":false},"excerpt":{"rendered":"O B A V J E \u0160 T E NJ E __________________________ Obavje\u0161tavamo Vas da je Op\u0161tinska izborna komisija u obavezi da donese Rje\u0161enje o imenovanju bira\u010dkih odbora (predsjednik, zamjenik predsjednika, \u010dlanovi i njihovi zamjenici) u stalnom sastavu, za izbor odbornika u Skup\u0161tini Op\u0161tine Gusinje i za izbor poslanika u Skup\u0161tini Crne Gore, koji \u0107e&#8230; <a href=\"https:\/\/dikcg.me\/wpold\/gusinje\/obavjestenje-politickim-partijama-o-zastupljenosti-njihovih-predstavnika-u-stalni-sastav-birackih-odbora-za-izbor-odbornika-u-skupstini-opstine-gusinje-i-izbor-poslanika-u-skupstini-crne-gore\/\">Read more <i class=\"fas fa-angle-right\"><\/i><\/a>","protected":false},"author":67,"featured_media":0,"comment_status":"closed","ping_status":"closed","sticky":false,"template":"","format":"standard","meta":{"footnotes":""},"categories":[181,184],"tags":[],"_links":{"self":[{"href":"https:\/\/dikcg.me\/wpold\/gusinje\/wp-json\/wp\/v2\/posts\/863"}],"collection":[{"href":"https:\/\/dikcg.me\/wpold\/gusinje\/wp-json\/wp\/v2\/posts"}],"about":[{"href":"https:\/\/dikcg.me\/wpold\/gusinje\/wp-json\/wp\/v2\/types\/post"}],"author":[{"embeddable":true,"href":"https:\/\/dikcg.me\/wpold\/gusinje\/wp-json\/wp\/v2\/users\/67"}],"replies":[{"embeddable":true,"href":"https:\/\/dikcg.me\/wpold\/gusinje\/wp-json\/wp\/v2\/comments?post=863"}],"version-history":[{"count":1,"href":"https:\/\/dikcg.me\/wpold\/gusinje\/wp-json\/wp\/v2\/posts\/863\/revisions"}],"predecessor-version":[{"id":866,"href":"https:\/\/dikcg.me\/wpold\/gusinje\/wp-json\/wp\/v2\/posts\/863\/revisions\/866"}],"wp:attachment":[{"href":"https:\/\/dikcg.me\/wpold\/gusinje\/wp-json\/wp\/v2\/media?parent=863"}],"wp:term":[{"taxonomy":"category","embeddable":true,"href":"https:\/\/dikcg.me\/wpold\/gusinje\/wp-json\/wp\/v2\/categories?post=863"},{"taxonomy":"post_tag","embeddable":true,"href":"https:\/\/dikcg.me\/wpold\/gusinje\/wp-json\/wp\/v2\/tags?post=863"}],"curies":[{"name":"wp","href":"https:\/\/api.w.org\/{rel}","templated":true}]}}