{"id":780,"date":"2020-08-06T16:21:22","date_gmt":"2020-08-06T15:21:22","guid":{"rendered":"https:\/\/gusinje.dik.co.me\/?p=780"},"modified":"2020-08-06T17:23:05","modified_gmt":"2020-08-06T16:23:05","slug":"rjesenje-o-proglasenju-izborne-liste-za-koaliciju-bs-lp","status":"publish","type":"post","link":"https:\/\/dikcg.me\/wpold\/gusinje\/rjesenje-o-proglasenju-izborne-liste-za-koaliciju-bs-lp\/","title":{"rendered":"Rje\u0161enje o utvr\u0111ivanju i progla\u0161enju izborne liste ,,ISPRAVNO ZA GUSINJE&#8221; &#8211; Rafet Husovi\u0107 (BS-LP)"},"content":{"rendered":"<p>Na osnovu \u010dlana 48 Zakona o izboru odbornika i poslanika (,,Slu\u017ebeni list Republike Crne Gore\u201c br. 4\/98, 5\/98, 17\/98, 14\/00, 18\/00, ,,Slu\u017ebeni list Savezne Republike Jugoslavije\u201d br. 73\/00, 9\/01, 41\/02, 46\/02, 45\/04, 48\/06, 56\/06 i ,,Slu\u017ebeni list Crne Gore\u201c br. 46\/11, 14\/14, 47\/14, 12\/16, 60\/17 i 10\/18) <strong>Op\u0161tinska izborna komisija Gusinje, <\/strong>na sjednici odr\u017eanoj 05.08.2020. godine u 11 \u010dasova je donijela<\/p>\n<p style=\"text-align: center\"><strong>\u00a0 \u00a0 \u00a0 \u00a0 \u00a0 \u00a0 \u00a0 \u00a0 \u00a0 \u00a0RJE\u0160ENJE<\/strong><\/p>\n<p><strong>\u00a0\u00a0\u00a0\u00a0\u00a0\u00a0\u00a0\u00a0\u00a0\u00a0\u00a0\u00a0\u00a0 UTVR\u0110UJE SE I PROGLA\u0160AVA IZBORNA LISTA <\/strong>koju je podnijela koalicija Op\u0161tinski odbor Bo\u0161nja\u010dka stranka Gusinje\u00a0 \u2013 Op\u0161tinski odbor Liberalna Partija Gusinje, pod nazivom <strong>,,ISPRAVNO ZA GUSINJE\u201d \u2013 Rafet Husovi\u0107 (BS-LP)<\/strong> za izbor odbornika u Skup\u0161tini op\u0161tine Gusinje, za izbore koji \u0107e se odr\u017eati 30. avgusta 2020. godine.<\/p>\n","protected":false},"excerpt":{"rendered":"Na osnovu \u010dlana 48 Zakona o izboru odbornika i poslanika (,,Slu\u017ebeni list Republike Crne Gore\u201c br. 4\/98, 5\/98, 17\/98, 14\/00, 18\/00, ,,Slu\u017ebeni list Savezne Republike Jugoslavije\u201d br. 73\/00, 9\/01, 41\/02, 46\/02, 45\/04, 48\/06, 56\/06 i ,,Slu\u017ebeni list Crne Gore\u201c br. 46\/11, 14\/14, 47\/14, 12\/16, 60\/17 i 10\/18) Op\u0161tinska izborna komisija Gusinje, na sjednici odr\u017eanoj 05.08.2020&#8230;. <a href=\"https:\/\/dikcg.me\/wpold\/gusinje\/rjesenje-o-proglasenju-izborne-liste-za-koaliciju-bs-lp\/\">Read more <i class=\"fas fa-angle-right\"><\/i><\/a>","protected":false},"author":67,"featured_media":0,"comment_status":"closed","ping_status":"closed","sticky":false,"template":"","format":"standard","meta":{"footnotes":""},"categories":[185],"tags":[],"_links":{"self":[{"href":"https:\/\/dikcg.me\/wpold\/gusinje\/wp-json\/wp\/v2\/posts\/780"}],"collection":[{"href":"https:\/\/dikcg.me\/wpold\/gusinje\/wp-json\/wp\/v2\/posts"}],"about":[{"href":"https:\/\/dikcg.me\/wpold\/gusinje\/wp-json\/wp\/v2\/types\/post"}],"author":[{"embeddable":true,"href":"https:\/\/dikcg.me\/wpold\/gusinje\/wp-json\/wp\/v2\/users\/67"}],"replies":[{"embeddable":true,"href":"https:\/\/dikcg.me\/wpold\/gusinje\/wp-json\/wp\/v2\/comments?post=780"}],"version-history":[{"count":3,"href":"https:\/\/dikcg.me\/wpold\/gusinje\/wp-json\/wp\/v2\/posts\/780\/revisions"}],"predecessor-version":[{"id":794,"href":"https:\/\/dikcg.me\/wpold\/gusinje\/wp-json\/wp\/v2\/posts\/780\/revisions\/794"}],"wp:attachment":[{"href":"https:\/\/dikcg.me\/wpold\/gusinje\/wp-json\/wp\/v2\/media?parent=780"}],"wp:term":[{"taxonomy":"category","embeddable":true,"href":"https:\/\/dikcg.me\/wpold\/gusinje\/wp-json\/wp\/v2\/categories?post=780"},{"taxonomy":"post_tag","embeddable":true,"href":"https:\/\/dikcg.me\/wpold\/gusinje\/wp-json\/wp\/v2\/tags?post=780"}],"curies":[{"name":"wp","href":"https:\/\/api.w.org\/{rel}","templated":true}]}}