{"id":766,"date":"2020-08-03T16:15:09","date_gmt":"2020-08-03T15:15:09","guid":{"rendered":"http:\/\/gusinje.dik.co.me\/?p=766"},"modified":"2020-08-03T17:27:44","modified_gmt":"2020-08-03T16:27:44","slug":"zakljucak-o-ispunjenju-uslova-za-odredivanje-predstavnika-sd-a-u-prosireni-sastav-oik-gusinje","status":"publish","type":"post","link":"https:\/\/dikcg.me\/wpold\/gusinje\/zakljucak-o-ispunjenju-uslova-za-odredivanje-predstavnika-sd-a-u-prosireni-sastav-oik-gusinje\/","title":{"rendered":"Zaklju\u010dak o ispunjenju uslova za odre\u0111ivanje predstavnika SD-a u pro\u0161ireni sastav OIK Gusinje"},"content":{"rendered":"<p>Na osnovu \u010dlana 26 Zakona o izboru odbornika i poslanika (,,Slu\u017ebeni list Republike Crne Gore\u201c br. 4\/98, 5\/98, 17\/98, 14\/00, 18\/00, ,,Slu\u017ebeni list Savezne Republike Jugoslavije\u201d br. 73\/00, 9\/01, 41\/02, 46\/02, 45\/04, 48\/06, 56\/06 i ,,Slu\u017ebeni list Crne Gore\u201c br. 46\/11, 14\/14, 47\/14, 12\/16, 60\/17 i 10\/18) <strong>Op\u0161tinska izborna komisija Gusinje, <\/strong>na sjednici odr\u017eanoj 01.08.2020. godine, donijela je<\/p>\n<p><strong>\u00a0 \u00a0 \u00a0 \u00a0 \u00a0 \u00a0 \u00a0 \u00a0 \u00a0 \u00a0 \u00a0 \u00a0 \u00a0 \u00a0 \u00a0 \u00a0 \u00a0 \u00a0 \u00a0 \u00a0 \u00a0 \u00a0 \u00a0 \u00a0 \u00a0 \u00a0 \u00a0 \u00a0 \u00a0 \u00a0 \u00a0 \u00a0 \u00a0 \u00a0 \u00a0 \u00a0 \u00a0 \u00a0 \u00a0 \u00a0 \u00a0 \u00a0 \u00a0 \u00a0 \u00a0 \u00a0 \u00a0 \u00a0 \u00a0 \u00a0 \u00a0 \u00a0ZAKLJU\u010cAK<\/strong><\/p>\n<p><strong>O ISPUNJENJU USLOVA ZA ODRE\u0110IVANJE PREDSTAVNIKA PODNOSIOCA IZBORNE LISTE U PRO\u0160IRENI SASTAV ORGANA ZA SPROVO\u0110ENJE IZBORA.<\/strong><\/p>\n<p>Podnosilac potvr\u0111ene i progla\u0161ene izborne liste ,,Socijaldemokrate Ivan Brajovi\u0107 \u2013 Mi odlu\u010dujemo DOSLJEDNO za Gusinje\u201d ispunjava uslove za odre\u0111ivanje svog predstvanika u pro\u0161ireni sastav Op\u0161tinske izborne komisije Gusinje.<\/p>\n<p>Poziva se podnosilac izborne liste da odredi svog predstavnika iz reda diplomiranih pravnika u navedeni organ i da o tome obavijesti Op\u0161tinsku izbornu komisiju.<\/p>\n","protected":false},"excerpt":{"rendered":"Na osnovu \u010dlana 26 Zakona o izboru odbornika i poslanika (,,Slu\u017ebeni list Republike Crne Gore\u201c br. 4\/98, 5\/98, 17\/98, 14\/00, 18\/00, ,,Slu\u017ebeni list Savezne Republike Jugoslavije\u201d br. 73\/00, 9\/01, 41\/02, 46\/02, 45\/04, 48\/06, 56\/06 i ,,Slu\u017ebeni list Crne Gore\u201c br. 46\/11, 14\/14, 47\/14, 12\/16, 60\/17 i 10\/18) Op\u0161tinska izborna komisija Gusinje, na sjednici odr\u017eanoj 01.08.2020&#8230;. <a href=\"https:\/\/dikcg.me\/wpold\/gusinje\/zakljucak-o-ispunjenju-uslova-za-odredivanje-predstavnika-sd-a-u-prosireni-sastav-oik-gusinje\/\">Read more <i class=\"fas fa-angle-right\"><\/i><\/a>","protected":false},"author":67,"featured_media":0,"comment_status":"closed","ping_status":"closed","sticky":false,"template":"","format":"standard","meta":{"footnotes":""},"categories":[185],"tags":[],"_links":{"self":[{"href":"https:\/\/dikcg.me\/wpold\/gusinje\/wp-json\/wp\/v2\/posts\/766"}],"collection":[{"href":"https:\/\/dikcg.me\/wpold\/gusinje\/wp-json\/wp\/v2\/posts"}],"about":[{"href":"https:\/\/dikcg.me\/wpold\/gusinje\/wp-json\/wp\/v2\/types\/post"}],"author":[{"embeddable":true,"href":"https:\/\/dikcg.me\/wpold\/gusinje\/wp-json\/wp\/v2\/users\/67"}],"replies":[{"embeddable":true,"href":"https:\/\/dikcg.me\/wpold\/gusinje\/wp-json\/wp\/v2\/comments?post=766"}],"version-history":[{"count":1,"href":"https:\/\/dikcg.me\/wpold\/gusinje\/wp-json\/wp\/v2\/posts\/766\/revisions"}],"predecessor-version":[{"id":769,"href":"https:\/\/dikcg.me\/wpold\/gusinje\/wp-json\/wp\/v2\/posts\/766\/revisions\/769"}],"wp:attachment":[{"href":"https:\/\/dikcg.me\/wpold\/gusinje\/wp-json\/wp\/v2\/media?parent=766"}],"wp:term":[{"taxonomy":"category","embeddable":true,"href":"https:\/\/dikcg.me\/wpold\/gusinje\/wp-json\/wp\/v2\/categories?post=766"},{"taxonomy":"post_tag","embeddable":true,"href":"https:\/\/dikcg.me\/wpold\/gusinje\/wp-json\/wp\/v2\/tags?post=766"}],"curies":[{"name":"wp","href":"https:\/\/api.w.org\/{rel}","templated":true}]}}