{"id":1341,"date":"2023-03-18T10:30:57","date_gmt":"2023-03-18T09:30:57","guid":{"rendered":"https:\/\/danilovgrad.dik.co.me\/?p=1341"},"modified":"2023-03-18T10:30:57","modified_gmt":"2023-03-18T09:30:57","slug":"zakljucci-o-utvrdivanju-opunomocenih-predstavnika-u-prosireni-sastav-oik-za-izbor-predsjednika-crne-gore-zakazane-za-dan-19-03-2023-godine","status":"publish","type":"post","link":"https:\/\/dikcg.me\/wpold\/danilovgrad\/zakljucci-o-utvrdivanju-opunomocenih-predstavnika-u-prosireni-sastav-oik-za-izbor-predsjednika-crne-gore-zakazane-za-dan-19-03-2023-godine\/","title":{"rendered":"Zaklju\u010dci o utvr\u0111ivanju Opunomo\u0107enih predstavnika u pro\u0161ireni sastav OIK, za izbor Predsjednika Crne Gore zakazane za dan 19.03.2023. godine"},"content":{"rendered":"","protected":false},"excerpt":{"rendered":"","protected":false},"author":66,"featured_media":0,"comment_status":"closed","ping_status":"closed","sticky":false,"template":"","format":"standard","meta":{"footnotes":""},"categories":[228],"tags":[],"_links":{"self":[{"href":"https:\/\/dikcg.me\/wpold\/danilovgrad\/wp-json\/wp\/v2\/posts\/1341"}],"collection":[{"href":"https:\/\/dikcg.me\/wpold\/danilovgrad\/wp-json\/wp\/v2\/posts"}],"about":[{"href":"https:\/\/dikcg.me\/wpold\/danilovgrad\/wp-json\/wp\/v2\/types\/post"}],"author":[{"embeddable":true,"href":"https:\/\/dikcg.me\/wpold\/danilovgrad\/wp-json\/wp\/v2\/users\/66"}],"replies":[{"embeddable":true,"href":"https:\/\/dikcg.me\/wpold\/danilovgrad\/wp-json\/wp\/v2\/comments?post=1341"}],"version-history":[{"count":1,"href":"https:\/\/dikcg.me\/wpold\/danilovgrad\/wp-json\/wp\/v2\/posts\/1341\/revisions"}],"predecessor-version":[{"id":1344,"href":"https:\/\/dikcg.me\/wpold\/danilovgrad\/wp-json\/wp\/v2\/posts\/1341\/revisions\/1344"}],"wp:attachment":[{"href":"https:\/\/dikcg.me\/wpold\/danilovgrad\/wp-json\/wp\/v2\/media?parent=1341"}],"wp:term":[{"taxonomy":"category","embeddable":true,"href":"https:\/\/dikcg.me\/wpold\/danilovgrad\/wp-json\/wp\/v2\/categories?post=1341"},{"taxonomy":"post_tag","embeddable":true,"href":"https:\/\/dikcg.me\/wpold\/danilovgrad\/wp-json\/wp\/v2\/tags?post=1341"}],"curies":[{"name":"wp","href":"https:\/\/api.w.org\/{rel}","templated":true}]}}