{"id":1297,"date":"2023-02-27T02:44:27","date_gmt":"2023-02-27T01:44:27","guid":{"rendered":"https:\/\/danilovgrad.dik.co.me\/?p=1297"},"modified":"2023-02-27T02:44:27","modified_gmt":"2023-02-27T01:44:27","slug":"rjesenje-o-odredivanju-birackih-mjesta-za-izbor-predsjednika-crne-gore-koji-ce-se-odrzati-19-marta-2023-godine","status":"publish","type":"post","link":"https:\/\/dikcg.me\/wpold\/danilovgrad\/rjesenje-o-odredivanju-birackih-mjesta-za-izbor-predsjednika-crne-gore-koji-ce-se-odrzati-19-marta-2023-godine\/","title":{"rendered":"Rje\u0161enje o odre\u0111ivanju bira\u010dkih mjesta za izbor Predsjednika Crne Gore koji \u0107e se odr\u017eati 19. marta 2023. godine"},"content":{"rendered":"","protected":false},"excerpt":{"rendered":"","protected":false},"author":66,"featured_media":0,"comment_status":"closed","ping_status":"closed","sticky":false,"template":"","format":"standard","meta":{"footnotes":""},"categories":[228],"tags":[],"_links":{"self":[{"href":"https:\/\/dikcg.me\/wpold\/danilovgrad\/wp-json\/wp\/v2\/posts\/1297"}],"collection":[{"href":"https:\/\/dikcg.me\/wpold\/danilovgrad\/wp-json\/wp\/v2\/posts"}],"about":[{"href":"https:\/\/dikcg.me\/wpold\/danilovgrad\/wp-json\/wp\/v2\/types\/post"}],"author":[{"embeddable":true,"href":"https:\/\/dikcg.me\/wpold\/danilovgrad\/wp-json\/wp\/v2\/users\/66"}],"replies":[{"embeddable":true,"href":"https:\/\/dikcg.me\/wpold\/danilovgrad\/wp-json\/wp\/v2\/comments?post=1297"}],"version-history":[{"count":1,"href":"https:\/\/dikcg.me\/wpold\/danilovgrad\/wp-json\/wp\/v2\/posts\/1297\/revisions"}],"predecessor-version":[{"id":1300,"href":"https:\/\/dikcg.me\/wpold\/danilovgrad\/wp-json\/wp\/v2\/posts\/1297\/revisions\/1300"}],"wp:attachment":[{"href":"https:\/\/dikcg.me\/wpold\/danilovgrad\/wp-json\/wp\/v2\/media?parent=1297"}],"wp:term":[{"taxonomy":"category","embeddable":true,"href":"https:\/\/dikcg.me\/wpold\/danilovgrad\/wp-json\/wp\/v2\/categories?post=1297"},{"taxonomy":"post_tag","embeddable":true,"href":"https:\/\/dikcg.me\/wpold\/danilovgrad\/wp-json\/wp\/v2\/tags?post=1297"}],"curies":[{"name":"wp","href":"https:\/\/api.w.org\/{rel}","templated":true}]}}