{"id":979,"date":"2021-11-17T18:37:25","date_gmt":"2021-11-17T17:37:25","guid":{"rendered":"https:\/\/cetinje.dik.co.me\/?p=979"},"modified":"2021-11-17T18:37:25","modified_gmt":"2021-11-17T17:37:25","slug":"zakljucak-o-odredivanju-opunomocenog-predstavnika-u-prosireni-sastav-izborne-komisije-3","status":"publish","type":"post","link":"https:\/\/dikcg.me\/wpold\/cetinje\/zakljucak-o-odredivanju-opunomocenog-predstavnika-u-prosireni-sastav-izborne-komisije-3\/","title":{"rendered":"Zaklju\u010dak o odre\u0111ivanju opunomo\u0107enog predstavnika u pro\u0161ireni sastav Izborne komisije"},"content":{"rendered":"","protected":false},"excerpt":{"rendered":"","protected":false},"author":65,"featured_media":0,"comment_status":"closed","ping_status":"closed","sticky":false,"template":"","format":"standard","meta":{"footnotes":""},"categories":[187,188,142,164],"tags":[],"_links":{"self":[{"href":"https:\/\/dikcg.me\/wpold\/cetinje\/wp-json\/wp\/v2\/posts\/979"}],"collection":[{"href":"https:\/\/dikcg.me\/wpold\/cetinje\/wp-json\/wp\/v2\/posts"}],"about":[{"href":"https:\/\/dikcg.me\/wpold\/cetinje\/wp-json\/wp\/v2\/types\/post"}],"author":[{"embeddable":true,"href":"https:\/\/dikcg.me\/wpold\/cetinje\/wp-json\/wp\/v2\/users\/65"}],"replies":[{"embeddable":true,"href":"https:\/\/dikcg.me\/wpold\/cetinje\/wp-json\/wp\/v2\/comments?post=979"}],"version-history":[{"count":1,"href":"https:\/\/dikcg.me\/wpold\/cetinje\/wp-json\/wp\/v2\/posts\/979\/revisions"}],"predecessor-version":[{"id":982,"href":"https:\/\/dikcg.me\/wpold\/cetinje\/wp-json\/wp\/v2\/posts\/979\/revisions\/982"}],"wp:attachment":[{"href":"https:\/\/dikcg.me\/wpold\/cetinje\/wp-json\/wp\/v2\/media?parent=979"}],"wp:term":[{"taxonomy":"category","embeddable":true,"href":"https:\/\/dikcg.me\/wpold\/cetinje\/wp-json\/wp\/v2\/categories?post=979"},{"taxonomy":"post_tag","embeddable":true,"href":"https:\/\/dikcg.me\/wpold\/cetinje\/wp-json\/wp\/v2\/tags?post=979"}],"curies":[{"name":"wp","href":"https:\/\/api.w.org\/{rel}","templated":true}]}}