{"id":967,"date":"2021-11-15T13:44:29","date_gmt":"2021-11-15T12:44:29","guid":{"rendered":"https:\/\/cetinje.dik.co.me\/?p=967"},"modified":"2021-11-15T13:44:29","modified_gmt":"2021-11-15T12:44:29","slug":"zakljucak-o-odredivanju-opunomocenog-predstavnika-u-prosireni-sastav-izborne-komisije","status":"publish","type":"post","link":"https:\/\/dikcg.me\/wpold\/cetinje\/zakljucak-o-odredivanju-opunomocenog-predstavnika-u-prosireni-sastav-izborne-komisije\/","title":{"rendered":"Zaklju\u010dak o odre\u0111ivanju opunomo\u0107enog predstavnika u pro\u0161ireni sastav Izborne komisije"},"content":{"rendered":"","protected":false},"excerpt":{"rendered":"","protected":false},"author":65,"featured_media":0,"comment_status":"closed","ping_status":"closed","sticky":false,"template":"","format":"standard","meta":{"footnotes":""},"categories":[187,188,142,164],"tags":[],"_links":{"self":[{"href":"https:\/\/dikcg.me\/wpold\/cetinje\/wp-json\/wp\/v2\/posts\/967"}],"collection":[{"href":"https:\/\/dikcg.me\/wpold\/cetinje\/wp-json\/wp\/v2\/posts"}],"about":[{"href":"https:\/\/dikcg.me\/wpold\/cetinje\/wp-json\/wp\/v2\/types\/post"}],"author":[{"embeddable":true,"href":"https:\/\/dikcg.me\/wpold\/cetinje\/wp-json\/wp\/v2\/users\/65"}],"replies":[{"embeddable":true,"href":"https:\/\/dikcg.me\/wpold\/cetinje\/wp-json\/wp\/v2\/comments?post=967"}],"version-history":[{"count":1,"href":"https:\/\/dikcg.me\/wpold\/cetinje\/wp-json\/wp\/v2\/posts\/967\/revisions"}],"predecessor-version":[{"id":970,"href":"https:\/\/dikcg.me\/wpold\/cetinje\/wp-json\/wp\/v2\/posts\/967\/revisions\/970"}],"wp:attachment":[{"href":"https:\/\/dikcg.me\/wpold\/cetinje\/wp-json\/wp\/v2\/media?parent=967"}],"wp:term":[{"taxonomy":"category","embeddable":true,"href":"https:\/\/dikcg.me\/wpold\/cetinje\/wp-json\/wp\/v2\/categories?post=967"},{"taxonomy":"post_tag","embeddable":true,"href":"https:\/\/dikcg.me\/wpold\/cetinje\/wp-json\/wp\/v2\/tags?post=967"}],"curies":[{"name":"wp","href":"https:\/\/api.w.org\/{rel}","templated":true}]}}