{"id":948,"date":"2021-11-11T13:52:08","date_gmt":"2021-11-11T12:52:08","guid":{"rendered":"https:\/\/cetinje.dik.co.me\/?p=948"},"modified":"2021-11-15T13:32:28","modified_gmt":"2021-11-15T12:32:28","slug":"izborna-lista-ekoloska-knjazevina-stara-crna-gora","status":"publish","type":"post","link":"https:\/\/dikcg.me\/wpold\/cetinje\/izborna-lista-ekoloska-knjazevina-stara-crna-gora\/","title":{"rendered":"Re\u0161enje o utvr\u0111ivanju izborne liste &#8220;Ekolo\u0161ka Knja\u017eevina Stara Crna Gora&#8221;"},"content":{"rendered":"","protected":false},"excerpt":{"rendered":"","protected":false},"author":65,"featured_media":0,"comment_status":"closed","ping_status":"closed","sticky":false,"template":"","format":"standard","meta":{"footnotes":""},"categories":[187,142,189,164],"tags":[],"_links":{"self":[{"href":"https:\/\/dikcg.me\/wpold\/cetinje\/wp-json\/wp\/v2\/posts\/948"}],"collection":[{"href":"https:\/\/dikcg.me\/wpold\/cetinje\/wp-json\/wp\/v2\/posts"}],"about":[{"href":"https:\/\/dikcg.me\/wpold\/cetinje\/wp-json\/wp\/v2\/types\/post"}],"author":[{"embeddable":true,"href":"https:\/\/dikcg.me\/wpold\/cetinje\/wp-json\/wp\/v2\/users\/65"}],"replies":[{"embeddable":true,"href":"https:\/\/dikcg.me\/wpold\/cetinje\/wp-json\/wp\/v2\/comments?post=948"}],"version-history":[{"count":2,"href":"https:\/\/dikcg.me\/wpold\/cetinje\/wp-json\/wp\/v2\/posts\/948\/revisions"}],"predecessor-version":[{"id":963,"href":"https:\/\/dikcg.me\/wpold\/cetinje\/wp-json\/wp\/v2\/posts\/948\/revisions\/963"}],"wp:attachment":[{"href":"https:\/\/dikcg.me\/wpold\/cetinje\/wp-json\/wp\/v2\/media?parent=948"}],"wp:term":[{"taxonomy":"category","embeddable":true,"href":"https:\/\/dikcg.me\/wpold\/cetinje\/wp-json\/wp\/v2\/categories?post=948"},{"taxonomy":"post_tag","embeddable":true,"href":"https:\/\/dikcg.me\/wpold\/cetinje\/wp-json\/wp\/v2\/tags?post=948"}],"curies":[{"name":"wp","href":"https:\/\/api.w.org\/{rel}","templated":true}]}}