{"id":900,"date":"2021-11-08T14:11:41","date_gmt":"2021-11-08T13:11:41","guid":{"rendered":"https:\/\/cetinje.dik.co.me\/?p=900"},"modified":"2021-11-15T13:20:22","modified_gmt":"2021-11-15T12:20:22","slug":"rjesenje-o-potvrdjivanju-izborne-liste-sdp-i-gradani-svim-srcem-za-cetinje","status":"publish","type":"post","link":"https:\/\/dikcg.me\/wpold\/cetinje\/rjesenje-o-potvrdjivanju-izborne-liste-sdp-i-gradani-svim-srcem-za-cetinje\/","title":{"rendered":"Re\u0161enje o utvr\u0111ivanju izborne liste SDP i GRA\u0110ANI &#8220;Svim srcem za Cetinje&#8221;"},"content":{"rendered":"","protected":false},"excerpt":{"rendered":"","protected":false},"author":65,"featured_media":0,"comment_status":"closed","ping_status":"closed","sticky":false,"template":"","format":"standard","meta":{"footnotes":""},"categories":[187,142,189,164],"tags":[],"_links":{"self":[{"href":"https:\/\/dikcg.me\/wpold\/cetinje\/wp-json\/wp\/v2\/posts\/900"}],"collection":[{"href":"https:\/\/dikcg.me\/wpold\/cetinje\/wp-json\/wp\/v2\/posts"}],"about":[{"href":"https:\/\/dikcg.me\/wpold\/cetinje\/wp-json\/wp\/v2\/types\/post"}],"author":[{"embeddable":true,"href":"https:\/\/dikcg.me\/wpold\/cetinje\/wp-json\/wp\/v2\/users\/65"}],"replies":[{"embeddable":true,"href":"https:\/\/dikcg.me\/wpold\/cetinje\/wp-json\/wp\/v2\/comments?post=900"}],"version-history":[{"count":2,"href":"https:\/\/dikcg.me\/wpold\/cetinje\/wp-json\/wp\/v2\/posts\/900\/revisions"}],"predecessor-version":[{"id":960,"href":"https:\/\/dikcg.me\/wpold\/cetinje\/wp-json\/wp\/v2\/posts\/900\/revisions\/960"}],"wp:attachment":[{"href":"https:\/\/dikcg.me\/wpold\/cetinje\/wp-json\/wp\/v2\/media?parent=900"}],"wp:term":[{"taxonomy":"category","embeddable":true,"href":"https:\/\/dikcg.me\/wpold\/cetinje\/wp-json\/wp\/v2\/categories?post=900"},{"taxonomy":"post_tag","embeddable":true,"href":"https:\/\/dikcg.me\/wpold\/cetinje\/wp-json\/wp\/v2\/tags?post=900"}],"curies":[{"name":"wp","href":"https:\/\/api.w.org\/{rel}","templated":true}]}}