{"id":827,"date":"2020-08-14T22:35:58","date_gmt":"2020-08-14T21:35:58","guid":{"rendered":"https:\/\/cetinje.dik.co.me\/?p=827"},"modified":"2020-08-14T22:35:58","modified_gmt":"2020-08-14T21:35:58","slug":"rjesenje-i-izmjeni-rjesenja-br-01-022-20-21-od-07-08-2020-godine-o-odredivanju-birackih-mjesta-na-kojima-pojedina-politicka-partija-odnosno-koalicija-predlaze-predstavnika-za-predsjednika-birackog-o","status":"publish","type":"post","link":"https:\/\/dikcg.me\/wpold\/cetinje\/rjesenje-i-izmjeni-rjesenja-br-01-022-20-21-od-07-08-2020-godine-o-odredivanju-birackih-mjesta-na-kojima-pojedina-politicka-partija-odnosno-koalicija-predlaze-predstavnika-za-predsjednika-birackog-o\/","title":{"rendered":"Rje\u0161enje i izmjeni Rje\u0161enja br 01-022\/20-21 od 07.08.2020. godine o odre\u0111ivanju bira\u010dkih mjesta na kojima pojedina politi\u010dka partija, odnosno koalicija predla\u017ee predstavnika za predsjednika bira\u010dkog odbora"},"content":{"rendered":"","protected":false},"excerpt":{"rendered":"","protected":false},"author":65,"featured_media":0,"comment_status":"closed","ping_status":"closed","sticky":false,"template":"","format":"standard","meta":{"footnotes":""},"categories":[186],"tags":[],"_links":{"self":[{"href":"https:\/\/dikcg.me\/wpold\/cetinje\/wp-json\/wp\/v2\/posts\/827"}],"collection":[{"href":"https:\/\/dikcg.me\/wpold\/cetinje\/wp-json\/wp\/v2\/posts"}],"about":[{"href":"https:\/\/dikcg.me\/wpold\/cetinje\/wp-json\/wp\/v2\/types\/post"}],"author":[{"embeddable":true,"href":"https:\/\/dikcg.me\/wpold\/cetinje\/wp-json\/wp\/v2\/users\/65"}],"replies":[{"embeddable":true,"href":"https:\/\/dikcg.me\/wpold\/cetinje\/wp-json\/wp\/v2\/comments?post=827"}],"version-history":[{"count":1,"href":"https:\/\/dikcg.me\/wpold\/cetinje\/wp-json\/wp\/v2\/posts\/827\/revisions"}],"predecessor-version":[{"id":830,"href":"https:\/\/dikcg.me\/wpold\/cetinje\/wp-json\/wp\/v2\/posts\/827\/revisions\/830"}],"wp:attachment":[{"href":"https:\/\/dikcg.me\/wpold\/cetinje\/wp-json\/wp\/v2\/media?parent=827"}],"wp:term":[{"taxonomy":"category","embeddable":true,"href":"https:\/\/dikcg.me\/wpold\/cetinje\/wp-json\/wp\/v2\/categories?post=827"},{"taxonomy":"post_tag","embeddable":true,"href":"https:\/\/dikcg.me\/wpold\/cetinje\/wp-json\/wp\/v2\/tags?post=827"}],"curies":[{"name":"wp","href":"https:\/\/api.w.org\/{rel}","templated":true}]}}