{"id":786,"date":"2020-08-07T03:07:11","date_gmt":"2020-08-07T02:07:11","guid":{"rendered":"https:\/\/cetinje.dik.co.me\/?p=786"},"modified":"2020-08-07T03:07:11","modified_gmt":"2020-08-07T02:07:11","slug":"rjesenje-o-odredivanju-broja-predsjednika-birackih-odbora-2","status":"publish","type":"post","link":"https:\/\/dikcg.me\/wpold\/cetinje\/rjesenje-o-odredivanju-broja-predsjednika-birackih-odbora-2\/","title":{"rendered":"Rje\u0161enje o odre\u0111ivanju broja predsjednika bira\u010dkih odbora"},"content":{"rendered":"","protected":false},"excerpt":{"rendered":"","protected":false},"author":65,"featured_media":0,"comment_status":"closed","ping_status":"closed","sticky":false,"template":"","format":"standard","meta":{"footnotes":""},"categories":[186],"tags":[],"_links":{"self":[{"href":"https:\/\/dikcg.me\/wpold\/cetinje\/wp-json\/wp\/v2\/posts\/786"}],"collection":[{"href":"https:\/\/dikcg.me\/wpold\/cetinje\/wp-json\/wp\/v2\/posts"}],"about":[{"href":"https:\/\/dikcg.me\/wpold\/cetinje\/wp-json\/wp\/v2\/types\/post"}],"author":[{"embeddable":true,"href":"https:\/\/dikcg.me\/wpold\/cetinje\/wp-json\/wp\/v2\/users\/65"}],"replies":[{"embeddable":true,"href":"https:\/\/dikcg.me\/wpold\/cetinje\/wp-json\/wp\/v2\/comments?post=786"}],"version-history":[{"count":1,"href":"https:\/\/dikcg.me\/wpold\/cetinje\/wp-json\/wp\/v2\/posts\/786\/revisions"}],"predecessor-version":[{"id":789,"href":"https:\/\/dikcg.me\/wpold\/cetinje\/wp-json\/wp\/v2\/posts\/786\/revisions\/789"}],"wp:attachment":[{"href":"https:\/\/dikcg.me\/wpold\/cetinje\/wp-json\/wp\/v2\/media?parent=786"}],"wp:term":[{"taxonomy":"category","embeddable":true,"href":"https:\/\/dikcg.me\/wpold\/cetinje\/wp-json\/wp\/v2\/categories?post=786"},{"taxonomy":"post_tag","embeddable":true,"href":"https:\/\/dikcg.me\/wpold\/cetinje\/wp-json\/wp\/v2\/tags?post=786"}],"curies":[{"name":"wp","href":"https:\/\/api.w.org\/{rel}","templated":true}]}}