{"id":1128,"date":"2023-07-07T21:52:07","date_gmt":"2023-07-07T20:52:07","guid":{"rendered":"https:\/\/cetinje.dik.co.me\/?p=1128"},"modified":"2023-07-07T21:52:07","modified_gmt":"2023-07-07T20:52:07","slug":"zakljucak-o-utvrdivanju-opunomocenog-predstavnika-u-prosireni-sastav-izborne-komisije-prijestonice-cetinje-ispred-izborne-liste-albanski-forum-nik-gjeloshaj-besa-za-evropski-razvoj","status":"publish","type":"post","link":"https:\/\/dikcg.me\/wpold\/cetinje\/zakljucak-o-utvrdivanju-opunomocenog-predstavnika-u-prosireni-sastav-izborne-komisije-prijestonice-cetinje-ispred-izborne-liste-albanski-forum-nik-gjeloshaj-besa-za-evropski-razvoj\/","title":{"rendered":"Zaklju\u010dak o utvr\u0111ivanju opunomo\u0107enog predstavnika u pro\u0161ireni sastav Izborne komisije Prijestonice Cetinje ispred izborne liste Albanski forum \u2013 Nik Gjeloshaj \u201eBESA za Evropski razvoj\u201c Forumi shqiptar \u2013 Nik Gjeloshaj \u201eBESA per Zhvillim Evropian\u201c"},"content":{"rendered":"<p>Zaklju\u010dak o utvr\u0111ivanju opunomo\u0107enog predstavnika u pro\u0161ireni sastav Izborne komisije Prijestonice Cetinje ispred izborne liste Albanski forum \u2013 Nik Gjeloshaj \u201eBESA za Evropski razvoj\u201c Forumi shqiptar \u2013 Nik Gjeloshaj \u201eBESA per Zhvillim Evropian\u201c<\/p>\n","protected":false},"excerpt":{"rendered":"Zaklju\u010dak o utvr\u0111ivanju opunomo\u0107enog predstavnika u pro\u0161ireni sastav Izborne komisije Prijestonice Cetinje ispred izborne liste Albanski forum \u2013 Nik Gjeloshaj \u201eBESA za Evropski razvoj\u201c Forumi shqiptar \u2013 Nik Gjeloshaj \u201eBESA per Zhvillim Evropian\u201c","protected":false},"author":65,"featured_media":0,"comment_status":"closed","ping_status":"closed","sticky":false,"template":"","format":"standard","meta":{"footnotes":""},"categories":[193,141],"tags":[],"_links":{"self":[{"href":"https:\/\/dikcg.me\/wpold\/cetinje\/wp-json\/wp\/v2\/posts\/1128"}],"collection":[{"href":"https:\/\/dikcg.me\/wpold\/cetinje\/wp-json\/wp\/v2\/posts"}],"about":[{"href":"https:\/\/dikcg.me\/wpold\/cetinje\/wp-json\/wp\/v2\/types\/post"}],"author":[{"embeddable":true,"href":"https:\/\/dikcg.me\/wpold\/cetinje\/wp-json\/wp\/v2\/users\/65"}],"replies":[{"embeddable":true,"href":"https:\/\/dikcg.me\/wpold\/cetinje\/wp-json\/wp\/v2\/comments?post=1128"}],"version-history":[{"count":1,"href":"https:\/\/dikcg.me\/wpold\/cetinje\/wp-json\/wp\/v2\/posts\/1128\/revisions"}],"predecessor-version":[{"id":1130,"href":"https:\/\/dikcg.me\/wpold\/cetinje\/wp-json\/wp\/v2\/posts\/1128\/revisions\/1130"}],"wp:attachment":[{"href":"https:\/\/dikcg.me\/wpold\/cetinje\/wp-json\/wp\/v2\/media?parent=1128"}],"wp:term":[{"taxonomy":"category","embeddable":true,"href":"https:\/\/dikcg.me\/wpold\/cetinje\/wp-json\/wp\/v2\/categories?post=1128"},{"taxonomy":"post_tag","embeddable":true,"href":"https:\/\/dikcg.me\/wpold\/cetinje\/wp-json\/wp\/v2\/tags?post=1128"}],"curies":[{"name":"wp","href":"https:\/\/api.w.org\/{rel}","templated":true}]}}