{"id":1110,"date":"2023-07-06T09:45:38","date_gmt":"2023-07-06T08:45:38","guid":{"rendered":"https:\/\/cetinje.dik.co.me\/?p=1110"},"modified":"2023-07-06T09:45:38","modified_gmt":"2023-07-06T08:45:38","slug":"zakljucak-o-utvrdivanju-zamjenika-opunomocenog-predstavnika-u-prosireni-sastav-izborne-komisije-prijestonice-cetinje-ispred-izborne-liste-evropa-sad-milojko-spajic","status":"publish","type":"post","link":"https:\/\/dikcg.me\/wpold\/cetinje\/zakljucak-o-utvrdivanju-zamjenika-opunomocenog-predstavnika-u-prosireni-sastav-izborne-komisije-prijestonice-cetinje-ispred-izborne-liste-evropa-sad-milojko-spajic\/","title":{"rendered":"Zaklju\u010dak o utvr\u0111ivanju zamjenika opunomo\u0107enog predstavnika u pro\u0161ireni sastav Izborne komisije Prijestonice Cetinje ispred izborne liste EVROPA SAD \u2013 MILOJKO SPAJI\u0106"},"content":{"rendered":"<p>Zaklju\u010dak o utvr\u0111ivanju zamjenika opunomo\u0107enog predstavnika u pro\u0161ireni sastav Izborne komisije Prijestonice Cetinje ispred izborne liste EVROPA SAD \u2013 MILOJKO SPAJI\u0106<\/p>\n","protected":false},"excerpt":{"rendered":"Zaklju\u010dak o utvr\u0111ivanju zamjenika opunomo\u0107enog predstavnika u pro\u0161ireni sastav Izborne komisije Prijestonice Cetinje ispred izborne liste EVROPA SAD \u2013 MILOJKO SPAJI\u0106","protected":false},"author":65,"featured_media":0,"comment_status":"closed","ping_status":"closed","sticky":false,"template":"","format":"standard","meta":{"footnotes":""},"categories":[193,141],"tags":[],"_links":{"self":[{"href":"https:\/\/dikcg.me\/wpold\/cetinje\/wp-json\/wp\/v2\/posts\/1110"}],"collection":[{"href":"https:\/\/dikcg.me\/wpold\/cetinje\/wp-json\/wp\/v2\/posts"}],"about":[{"href":"https:\/\/dikcg.me\/wpold\/cetinje\/wp-json\/wp\/v2\/types\/post"}],"author":[{"embeddable":true,"href":"https:\/\/dikcg.me\/wpold\/cetinje\/wp-json\/wp\/v2\/users\/65"}],"replies":[{"embeddable":true,"href":"https:\/\/dikcg.me\/wpold\/cetinje\/wp-json\/wp\/v2\/comments?post=1110"}],"version-history":[{"count":1,"href":"https:\/\/dikcg.me\/wpold\/cetinje\/wp-json\/wp\/v2\/posts\/1110\/revisions"}],"predecessor-version":[{"id":1112,"href":"https:\/\/dikcg.me\/wpold\/cetinje\/wp-json\/wp\/v2\/posts\/1110\/revisions\/1112"}],"wp:attachment":[{"href":"https:\/\/dikcg.me\/wpold\/cetinje\/wp-json\/wp\/v2\/media?parent=1110"}],"wp:term":[{"taxonomy":"category","embeddable":true,"href":"https:\/\/dikcg.me\/wpold\/cetinje\/wp-json\/wp\/v2\/categories?post=1110"},{"taxonomy":"post_tag","embeddable":true,"href":"https:\/\/dikcg.me\/wpold\/cetinje\/wp-json\/wp\/v2\/tags?post=1110"}],"curies":[{"name":"wp","href":"https:\/\/api.w.org\/{rel}","templated":true}]}}