{"id":1104,"date":"2023-07-01T11:29:07","date_gmt":"2023-07-01T10:29:07","guid":{"rendered":"https:\/\/cetinje.dik.co.me\/?p=1104"},"modified":"2023-07-01T11:29:07","modified_gmt":"2023-07-01T10:29:07","slug":"odluka-o-raspustanju-birackog-odbora-za-biracko-mjesto-broj-16-lpo-ii-cetinje","status":"publish","type":"post","link":"https:\/\/dikcg.me\/wpold\/cetinje\/odluka-o-raspustanju-birackog-odbora-za-biracko-mjesto-broj-16-lpo-ii-cetinje\/","title":{"rendered":"Odluka o raspu\u0161tanju bira\u010dkog odbora za bira\u010dko mjesto broj 16 &#8211; LPO II &#8211; Cetinje"},"content":{"rendered":"<p>Odluka o raspu\u0161tanju bira\u010dkog odbora za bira\u010dko mjesto broj 16 &#8211; LPO II &#8211; Cetinje<\/p>\n","protected":false},"excerpt":{"rendered":"Odluka o raspu\u0161tanju bira\u010dkog odbora za bira\u010dko mjesto broj 16 &#8211; LPO II &#8211; Cetinje","protected":false},"author":65,"featured_media":0,"comment_status":"closed","ping_status":"closed","sticky":false,"template":"","format":"standard","meta":{"footnotes":""},"categories":[193,141],"tags":[],"_links":{"self":[{"href":"https:\/\/dikcg.me\/wpold\/cetinje\/wp-json\/wp\/v2\/posts\/1104"}],"collection":[{"href":"https:\/\/dikcg.me\/wpold\/cetinje\/wp-json\/wp\/v2\/posts"}],"about":[{"href":"https:\/\/dikcg.me\/wpold\/cetinje\/wp-json\/wp\/v2\/types\/post"}],"author":[{"embeddable":true,"href":"https:\/\/dikcg.me\/wpold\/cetinje\/wp-json\/wp\/v2\/users\/65"}],"replies":[{"embeddable":true,"href":"https:\/\/dikcg.me\/wpold\/cetinje\/wp-json\/wp\/v2\/comments?post=1104"}],"version-history":[{"count":1,"href":"https:\/\/dikcg.me\/wpold\/cetinje\/wp-json\/wp\/v2\/posts\/1104\/revisions"}],"predecessor-version":[{"id":1106,"href":"https:\/\/dikcg.me\/wpold\/cetinje\/wp-json\/wp\/v2\/posts\/1104\/revisions\/1106"}],"wp:attachment":[{"href":"https:\/\/dikcg.me\/wpold\/cetinje\/wp-json\/wp\/v2\/media?parent=1104"}],"wp:term":[{"taxonomy":"category","embeddable":true,"href":"https:\/\/dikcg.me\/wpold\/cetinje\/wp-json\/wp\/v2\/categories?post=1104"},{"taxonomy":"post_tag","embeddable":true,"href":"https:\/\/dikcg.me\/wpold\/cetinje\/wp-json\/wp\/v2\/tags?post=1104"}],"curies":[{"name":"wp","href":"https:\/\/api.w.org\/{rel}","templated":true}]}}