{"id":935,"date":"2020-08-03T14:05:28","date_gmt":"2020-08-03T13:05:28","guid":{"rendered":"http:\/\/budva.dik.co.me\/?p=935"},"modified":"2020-08-03T16:52:09","modified_gmt":"2020-08-03T15:52:09","slug":"biracka-mjesta-za-izbor-odbornika-i-poslanika-kojl-ce-se-odrzati-dana-30-08-2020-god","status":"publish","type":"post","link":"https:\/\/dikcg.me\/wpold\/budva\/biracka-mjesta-za-izbor-odbornika-i-poslanika-kojl-ce-se-odrzati-dana-30-08-2020-god\/","title":{"rendered":"BIRA\u010cKA MJESTA ZA IZBOR ODBORNIKA I POSLANIKA KOJl \u0106E SE ODR\u017dATI DANA 30.08.2020.god."},"content":{"rendered":"","protected":false},"excerpt":{"rendered":"","protected":false},"author":63,"featured_media":0,"comment_status":"closed","ping_status":"closed","sticky":false,"template":"","format":"standard","meta":{"footnotes":""},"categories":[225,234],"tags":[],"_links":{"self":[{"href":"https:\/\/dikcg.me\/wpold\/budva\/wp-json\/wp\/v2\/posts\/935"}],"collection":[{"href":"https:\/\/dikcg.me\/wpold\/budva\/wp-json\/wp\/v2\/posts"}],"about":[{"href":"https:\/\/dikcg.me\/wpold\/budva\/wp-json\/wp\/v2\/types\/post"}],"author":[{"embeddable":true,"href":"https:\/\/dikcg.me\/wpold\/budva\/wp-json\/wp\/v2\/users\/63"}],"replies":[{"embeddable":true,"href":"https:\/\/dikcg.me\/wpold\/budva\/wp-json\/wp\/v2\/comments?post=935"}],"version-history":[{"count":1,"href":"https:\/\/dikcg.me\/wpold\/budva\/wp-json\/wp\/v2\/posts\/935\/revisions"}],"predecessor-version":[{"id":940,"href":"https:\/\/dikcg.me\/wpold\/budva\/wp-json\/wp\/v2\/posts\/935\/revisions\/940"}],"wp:attachment":[{"href":"https:\/\/dikcg.me\/wpold\/budva\/wp-json\/wp\/v2\/media?parent=935"}],"wp:term":[{"taxonomy":"category","embeddable":true,"href":"https:\/\/dikcg.me\/wpold\/budva\/wp-json\/wp\/v2\/categories?post=935"},{"taxonomy":"post_tag","embeddable":true,"href":"https:\/\/dikcg.me\/wpold\/budva\/wp-json\/wp\/v2\/tags?post=935"}],"curies":[{"name":"wp","href":"https:\/\/api.w.org\/{rel}","templated":true}]}}