{"id":906,"date":"2020-06-23T12:00:50","date_gmt":"2020-06-23T11:00:50","guid":{"rendered":"http:\/\/budva.dik.co.me\/?p=906"},"modified":"2020-08-03T16:52:32","modified_gmt":"2020-08-03T15:52:32","slug":"kalendar-rokova-za-sprovodenje-izbornih-radnji","status":"publish","type":"post","link":"https:\/\/dikcg.me\/wpold\/budva\/kalendar-rokova-za-sprovodenje-izbornih-radnji\/","title":{"rendered":"Kalendar rokova za sprovo\u0111enje izbornih radnji"},"content":{"rendered":"<p>Na osnovu \u010dlana 13 stav 2 Zakona o izboru odbornika i poslanika (\u201eSlu\u017ebeni list Republike Crne Gore\u201c, br. 4\/98, 17\/98, 14\/00, 9\/01, 41\/02, 46\/02, 48\/06 i \u201eSlu\u017ebeni list Crne Gore\u201c, br. 46\/11, 14\/14, 47\/14,12\/16, 60\/17 i 10\/18) , Op\u0161tinska izborna komisija objavljuje<\/p>\n<p style=\"text-align: center;\">\n<strong>KALENDAR<\/strong><br \/>\n<strong>rokova za sprovo\u0111enje izbornih radnji na izborima za izbor odbornika u Skup\u0161tinu op\u0161tine Budva koji \u0107e se odr\u017eati 30. avgusta 2020.godine<\/strong><\/p>\n","protected":false},"excerpt":{"rendered":"Na osnovu \u010dlana 13 stav 2 Zakona o izboru odbornika i poslanika (\u201eSlu\u017ebeni list Republike Crne Gore\u201c, br. 4\/98, 17\/98, 14\/00, 9\/01, 41\/02, 46\/02, 48\/06 i \u201eSlu\u017ebeni list Crne Gore\u201c, br. 46\/11, 14\/14, 47\/14,12\/16, 60\/17 i 10\/18) , Op\u0161tinska izborna komisija objavljuje KALENDAR rokova za sprovo\u0111enje izbornih radnji na izborima za izbor odbornika u Skup\u0161tinu&#8230; <a href=\"https:\/\/dikcg.me\/wpold\/budva\/kalendar-rokova-za-sprovodenje-izbornih-radnji\/\">Read more <i class=\"fas fa-angle-right\"><\/i><\/a>","protected":false},"author":56,"featured_media":0,"comment_status":"closed","ping_status":"closed","sticky":false,"template":"","format":"standard","meta":{"footnotes":""},"categories":[234],"tags":[],"_links":{"self":[{"href":"https:\/\/dikcg.me\/wpold\/budva\/wp-json\/wp\/v2\/posts\/906"}],"collection":[{"href":"https:\/\/dikcg.me\/wpold\/budva\/wp-json\/wp\/v2\/posts"}],"about":[{"href":"https:\/\/dikcg.me\/wpold\/budva\/wp-json\/wp\/v2\/types\/post"}],"author":[{"embeddable":true,"href":"https:\/\/dikcg.me\/wpold\/budva\/wp-json\/wp\/v2\/users\/56"}],"replies":[{"embeddable":true,"href":"https:\/\/dikcg.me\/wpold\/budva\/wp-json\/wp\/v2\/comments?post=906"}],"version-history":[{"count":1,"href":"https:\/\/dikcg.me\/wpold\/budva\/wp-json\/wp\/v2\/posts\/906\/revisions"}],"predecessor-version":[{"id":909,"href":"https:\/\/dikcg.me\/wpold\/budva\/wp-json\/wp\/v2\/posts\/906\/revisions\/909"}],"wp:attachment":[{"href":"https:\/\/dikcg.me\/wpold\/budva\/wp-json\/wp\/v2\/media?parent=906"}],"wp:term":[{"taxonomy":"category","embeddable":true,"href":"https:\/\/dikcg.me\/wpold\/budva\/wp-json\/wp\/v2\/categories?post=906"},{"taxonomy":"post_tag","embeddable":true,"href":"https:\/\/dikcg.me\/wpold\/budva\/wp-json\/wp\/v2\/tags?post=906"}],"curies":[{"name":"wp","href":"https:\/\/api.w.org\/{rel}","templated":true}]}}