{"id":900,"date":"2020-06-20T20:57:49","date_gmt":"2020-06-20T19:57:49","guid":{"rendered":"http:\/\/budva.dik.co.me\/?p=900"},"modified":"2020-08-03T16:52:41","modified_gmt":"2020-08-03T15:52:41","slug":"odluka-o-raspisivanju-izbora-za-odbornike","status":"publish","type":"post","link":"https:\/\/dikcg.me\/wpold\/budva\/odluka-o-raspisivanju-izbora-za-odbornike\/","title":{"rendered":"Odluka o raspisivanju izbora za odbornike u Skup\u0161tini op\u0161tine Budva"},"content":{"rendered":"<p>Na osnovu \u010dlana 95 ta\u010dka 10 Ustava Crne Gore (,,Sl. list CG\u2019\u2019, br. 1\/07 i 38\/13), \u010dlana 13 stav 1, 3 i 4, \u010dlana 14 stav 1 i 2 Zakona o izboru odbornika i poslanika (,,Sl. list RCG\u2019\u2019, br. 04\/98, 05\/98, 17\/98, 14\/00, 18\/00, 73\/00, 09\/01, 41\/02, 46\/02, 45\/04, 48\/06, 56\/06 i ,,Sl. list CG\u2019\u2019, br. 46\/11, 14\/14, 47\/14, 12\/16, 60\/17, 10\/18), \u010dlana 36 Zakona o lokalnoj samoupravi (,,Sl. list CG\u2019\u2019, br. 02\/18, 034\/19, 38\/20), donosim<\/p>\n<p style=\"text-align: center;\"><strong><br \/>\nO D L U K U<\/strong><\/p>\n<p style=\"text-align: center;\"><strong>o raspisivanju izbora za odbornike<\/strong><\/p>\n<p><strong>\u00a0<\/strong><\/p>\n<ol>\n<li>Raspisujem izbore za odbornike u: Skup\u0161tini op\u0161tine Andrijevica, Skup\u0161tini op\u0161tine Budva, Skup\u0161tini op\u0161tine Gusinje i Skup\u0161tini op\u0161tine Kotor.<\/li>\n<li>Izbori \u0107e se odr\u017eati 30. avgusta 2020. godine.<\/li>\n<li>Ova odluka stupa na snagu danom dono\u0161enja, a bi\u0107e objavljena u ,,Slu\u017ebenom listu Crne Gore\u2019\u2019 i u ,,Slu\u017ebenom listu Crne Gore \u2013 op\u0161tinski propisi\u2019\u2019.<\/li>\n<\/ol>\n<p><strong>Broj: 01-1212\/02<\/strong><\/p>\n<p><strong>Podgorica, 20.06.2020. godine<\/strong><\/p>\n<p style=\"text-align: center;\"><strong>Milo \u0110ukanovi\u0107<\/strong><\/p>\n","protected":false},"excerpt":{"rendered":"Na osnovu \u010dlana 95 ta\u010dka 10 Ustava Crne Gore (,,Sl. list CG\u2019\u2019, br. 1\/07 i 38\/13), \u010dlana 13 stav 1, 3 i 4, \u010dlana 14 stav 1 i 2 Zakona o izboru odbornika i poslanika (,,Sl. list RCG\u2019\u2019, br. 04\/98, 05\/98, 17\/98, 14\/00, 18\/00, 73\/00, 09\/01, 41\/02, 46\/02, 45\/04, 48\/06, 56\/06 i ,,Sl. list CG\u2019\u2019,&#8230; <a href=\"https:\/\/dikcg.me\/wpold\/budva\/odluka-o-raspisivanju-izbora-za-odbornike\/\">Read more <i class=\"fas fa-angle-right\"><\/i><\/a>","protected":false},"author":56,"featured_media":0,"comment_status":"closed","ping_status":"closed","sticky":false,"template":"","format":"standard","meta":{"footnotes":""},"categories":[234],"tags":[],"_links":{"self":[{"href":"https:\/\/dikcg.me\/wpold\/budva\/wp-json\/wp\/v2\/posts\/900"}],"collection":[{"href":"https:\/\/dikcg.me\/wpold\/budva\/wp-json\/wp\/v2\/posts"}],"about":[{"href":"https:\/\/dikcg.me\/wpold\/budva\/wp-json\/wp\/v2\/types\/post"}],"author":[{"embeddable":true,"href":"https:\/\/dikcg.me\/wpold\/budva\/wp-json\/wp\/v2\/users\/56"}],"replies":[{"embeddable":true,"href":"https:\/\/dikcg.me\/wpold\/budva\/wp-json\/wp\/v2\/comments?post=900"}],"version-history":[{"count":2,"href":"https:\/\/dikcg.me\/wpold\/budva\/wp-json\/wp\/v2\/posts\/900\/revisions"}],"predecessor-version":[{"id":916,"href":"https:\/\/dikcg.me\/wpold\/budva\/wp-json\/wp\/v2\/posts\/900\/revisions\/916"}],"wp:attachment":[{"href":"https:\/\/dikcg.me\/wpold\/budva\/wp-json\/wp\/v2\/media?parent=900"}],"wp:term":[{"taxonomy":"category","embeddable":true,"href":"https:\/\/dikcg.me\/wpold\/budva\/wp-json\/wp\/v2\/categories?post=900"},{"taxonomy":"post_tag","embeddable":true,"href":"https:\/\/dikcg.me\/wpold\/budva\/wp-json\/wp\/v2\/tags?post=900"}],"curies":[{"name":"wp","href":"https:\/\/api.w.org\/{rel}","templated":true}]}}