{"id":812,"date":"2018-03-17T13:04:03","date_gmt":"2018-03-17T12:04:03","guid":{"rendered":"http:\/\/budva.dik.co.me\/?p=812\/"},"modified":"2020-08-03T17:04:49","modified_gmt":"2020-08-03T16:04:49","slug":"zapisnik-zrijebanja-o-utvrdivanju-koje-biracko-mjesto-pripada-kojoj-politickoj-partiji-za-imenovanje-predsjednika","status":"publish","type":"post","link":"https:\/\/dikcg.me\/wpold\/budva\/zapisnik-zrijebanja-o-utvrdivanju-koje-biracko-mjesto-pripada-kojoj-politickoj-partiji-za-imenovanje-predsjednika\/","title":{"rendered":"Zapisnik \u017erijebanja o utvr\u0111ivanju koje bira\u010dko mjesto pripada kojoj politi\u010dkoj partiji za imenovanje predsjednika"},"content":{"rendered":"","protected":false},"excerpt":{"rendered":"","protected":false},"author":56,"featured_media":0,"comment_status":"closed","ping_status":"closed","sticky":false,"template":"","format":"standard","meta":{"footnotes":""},"categories":[191],"tags":[],"_links":{"self":[{"href":"https:\/\/dikcg.me\/wpold\/budva\/wp-json\/wp\/v2\/posts\/812"}],"collection":[{"href":"https:\/\/dikcg.me\/wpold\/budva\/wp-json\/wp\/v2\/posts"}],"about":[{"href":"https:\/\/dikcg.me\/wpold\/budva\/wp-json\/wp\/v2\/types\/post"}],"author":[{"embeddable":true,"href":"https:\/\/dikcg.me\/wpold\/budva\/wp-json\/wp\/v2\/users\/56"}],"replies":[{"embeddable":true,"href":"https:\/\/dikcg.me\/wpold\/budva\/wp-json\/wp\/v2\/comments?post=812"}],"version-history":[{"count":1,"href":"https:\/\/dikcg.me\/wpold\/budva\/wp-json\/wp\/v2\/posts\/812\/revisions"}],"predecessor-version":[{"id":815,"href":"https:\/\/dikcg.me\/wpold\/budva\/wp-json\/wp\/v2\/posts\/812\/revisions\/815"}],"wp:attachment":[{"href":"https:\/\/dikcg.me\/wpold\/budva\/wp-json\/wp\/v2\/media?parent=812"}],"wp:term":[{"taxonomy":"category","embeddable":true,"href":"https:\/\/dikcg.me\/wpold\/budva\/wp-json\/wp\/v2\/categories?post=812"},{"taxonomy":"post_tag","embeddable":true,"href":"https:\/\/dikcg.me\/wpold\/budva\/wp-json\/wp\/v2\/tags?post=812"}],"curies":[{"name":"wp","href":"https:\/\/api.w.org\/{rel}","templated":true}]}}