{"id":2165,"date":"2023-06-08T14:15:47","date_gmt":"2023-06-08T13:15:47","guid":{"rendered":"https:\/\/budva.dik.co.me\/?p=2165"},"modified":"2023-06-08T14:15:47","modified_gmt":"2023-06-08T13:15:47","slug":"zakljucak-o-utvrdivanju-opunomocenog-predstavnika-podnosioca-koalicije-zajedno-u-prosireni-sastav-opstinske-izborne-komisije","status":"publish","type":"post","link":"https:\/\/dikcg.me\/wpold\/budva\/zakljucak-o-utvrdivanju-opunomocenog-predstavnika-podnosioca-koalicije-zajedno-u-prosireni-sastav-opstinske-izborne-komisije\/","title":{"rendered":"Zaklju\u010dak o utvr\u0111ivanju opunomo\u0107enog predstavnika podnosioca KOALICIJE ZAJEDNO u pro\u0161ireni sastav op\u0161tinske izborne komisije"},"content":{"rendered":"","protected":false},"excerpt":{"rendered":"","protected":false},"author":63,"featured_media":0,"comment_status":"closed","ping_status":"closed","sticky":false,"template":"","format":"standard","meta":{"footnotes":""},"categories":[242],"tags":[],"_links":{"self":[{"href":"https:\/\/dikcg.me\/wpold\/budva\/wp-json\/wp\/v2\/posts\/2165"}],"collection":[{"href":"https:\/\/dikcg.me\/wpold\/budva\/wp-json\/wp\/v2\/posts"}],"about":[{"href":"https:\/\/dikcg.me\/wpold\/budva\/wp-json\/wp\/v2\/types\/post"}],"author":[{"embeddable":true,"href":"https:\/\/dikcg.me\/wpold\/budva\/wp-json\/wp\/v2\/users\/63"}],"replies":[{"embeddable":true,"href":"https:\/\/dikcg.me\/wpold\/budva\/wp-json\/wp\/v2\/comments?post=2165"}],"version-history":[{"count":1,"href":"https:\/\/dikcg.me\/wpold\/budva\/wp-json\/wp\/v2\/posts\/2165\/revisions"}],"predecessor-version":[{"id":2167,"href":"https:\/\/dikcg.me\/wpold\/budva\/wp-json\/wp\/v2\/posts\/2165\/revisions\/2167"}],"wp:attachment":[{"href":"https:\/\/dikcg.me\/wpold\/budva\/wp-json\/wp\/v2\/media?parent=2165"}],"wp:term":[{"taxonomy":"category","embeddable":true,"href":"https:\/\/dikcg.me\/wpold\/budva\/wp-json\/wp\/v2\/categories?post=2165"},{"taxonomy":"post_tag","embeddable":true,"href":"https:\/\/dikcg.me\/wpold\/budva\/wp-json\/wp\/v2\/tags?post=2165"}],"curies":[{"name":"wp","href":"https:\/\/api.w.org\/{rel}","templated":true}]}}