{"id":2151,"date":"2023-06-07T12:57:58","date_gmt":"2023-06-07T11:57:58","guid":{"rendered":"https:\/\/budva.dik.co.me\/?p=2151"},"modified":"2023-06-07T12:57:58","modified_gmt":"2023-06-07T11:57:58","slug":"rjesenje-o-izmjeni-rjesenja-o-imenovanju-birackog-odbora-za-izbor-poslanika-u-skupstini-crne-gore","status":"publish","type":"post","link":"https:\/\/dikcg.me\/wpold\/budva\/rjesenje-o-izmjeni-rjesenja-o-imenovanju-birackog-odbora-za-izbor-poslanika-u-skupstini-crne-gore\/","title":{"rendered":"Rje\u0161enje o izmjeni Rje\u0161enja o imenovanju bira\u010dkog odbora za izbor Poslanika u Skup\u0161tini Crne Gore"},"content":{"rendered":"","protected":false},"excerpt":{"rendered":"","protected":false},"author":63,"featured_media":0,"comment_status":"closed","ping_status":"closed","sticky":false,"template":"","format":"standard","meta":{"footnotes":""},"categories":[242],"tags":[],"_links":{"self":[{"href":"https:\/\/dikcg.me\/wpold\/budva\/wp-json\/wp\/v2\/posts\/2151"}],"collection":[{"href":"https:\/\/dikcg.me\/wpold\/budva\/wp-json\/wp\/v2\/posts"}],"about":[{"href":"https:\/\/dikcg.me\/wpold\/budva\/wp-json\/wp\/v2\/types\/post"}],"author":[{"embeddable":true,"href":"https:\/\/dikcg.me\/wpold\/budva\/wp-json\/wp\/v2\/users\/63"}],"replies":[{"embeddable":true,"href":"https:\/\/dikcg.me\/wpold\/budva\/wp-json\/wp\/v2\/comments?post=2151"}],"version-history":[{"count":1,"href":"https:\/\/dikcg.me\/wpold\/budva\/wp-json\/wp\/v2\/posts\/2151\/revisions"}],"predecessor-version":[{"id":2153,"href":"https:\/\/dikcg.me\/wpold\/budva\/wp-json\/wp\/v2\/posts\/2151\/revisions\/2153"}],"wp:attachment":[{"href":"https:\/\/dikcg.me\/wpold\/budva\/wp-json\/wp\/v2\/media?parent=2151"}],"wp:term":[{"taxonomy":"category","embeddable":true,"href":"https:\/\/dikcg.me\/wpold\/budva\/wp-json\/wp\/v2\/categories?post=2151"},{"taxonomy":"post_tag","embeddable":true,"href":"https:\/\/dikcg.me\/wpold\/budva\/wp-json\/wp\/v2\/tags?post=2151"}],"curies":[{"name":"wp","href":"https:\/\/api.w.org\/{rel}","templated":true}]}}