{"id":2141,"date":"2023-06-05T12:36:13","date_gmt":"2023-06-05T11:36:13","guid":{"rendered":"https:\/\/budva.dik.co.me\/?p=2141"},"modified":"2023-06-05T12:36:40","modified_gmt":"2023-06-05T11:36:40","slug":"zakljucak-o-utvrdivanju-opunomocenog-predstavnika-podnosioca-pokreta-evropa-sad-u-prosireni-sastav-opstinske-izborne-komisije","status":"publish","type":"post","link":"https:\/\/dikcg.me\/wpold\/budva\/zakljucak-o-utvrdivanju-opunomocenog-predstavnika-podnosioca-pokreta-evropa-sad-u-prosireni-sastav-opstinske-izborne-komisije\/","title":{"rendered":"Zaklju\u010dak o utvr\u0111ivanju opunomo\u0107enog predstavnika podnosioca POKRETA EVROPA SAD u pro\u0161ireni sastav op\u0161tinske izborne komisije"},"content":{"rendered":"","protected":false},"excerpt":{"rendered":"","protected":false},"author":63,"featured_media":0,"comment_status":"closed","ping_status":"closed","sticky":false,"template":"","format":"standard","meta":{"footnotes":""},"categories":[242],"tags":[],"_links":{"self":[{"href":"https:\/\/dikcg.me\/wpold\/budva\/wp-json\/wp\/v2\/posts\/2141"}],"collection":[{"href":"https:\/\/dikcg.me\/wpold\/budva\/wp-json\/wp\/v2\/posts"}],"about":[{"href":"https:\/\/dikcg.me\/wpold\/budva\/wp-json\/wp\/v2\/types\/post"}],"author":[{"embeddable":true,"href":"https:\/\/dikcg.me\/wpold\/budva\/wp-json\/wp\/v2\/users\/63"}],"replies":[{"embeddable":true,"href":"https:\/\/dikcg.me\/wpold\/budva\/wp-json\/wp\/v2\/comments?post=2141"}],"version-history":[{"count":1,"href":"https:\/\/dikcg.me\/wpold\/budva\/wp-json\/wp\/v2\/posts\/2141\/revisions"}],"predecessor-version":[{"id":2143,"href":"https:\/\/dikcg.me\/wpold\/budva\/wp-json\/wp\/v2\/posts\/2141\/revisions\/2143"}],"wp:attachment":[{"href":"https:\/\/dikcg.me\/wpold\/budva\/wp-json\/wp\/v2\/media?parent=2141"}],"wp:term":[{"taxonomy":"category","embeddable":true,"href":"https:\/\/dikcg.me\/wpold\/budva\/wp-json\/wp\/v2\/categories?post=2141"},{"taxonomy":"post_tag","embeddable":true,"href":"https:\/\/dikcg.me\/wpold\/budva\/wp-json\/wp\/v2\/tags?post=2141"}],"curies":[{"name":"wp","href":"https:\/\/api.w.org\/{rel}","templated":true}]}}