{"id":2094,"date":"2023-04-02T14:30:40","date_gmt":"2023-04-02T13:30:40","guid":{"rendered":"https:\/\/budva.dik.co.me\/?p=2094"},"modified":"2023-04-02T14:30:40","modified_gmt":"2023-04-02T13:30:40","slug":"rjesenje-o-izmjeni-rjesenja-o-imenovanju-birackog-odbora-za-izbor-predsjednika-crne-gore-df-2","status":"publish","type":"post","link":"https:\/\/dikcg.me\/wpold\/budva\/rjesenje-o-izmjeni-rjesenja-o-imenovanju-birackog-odbora-za-izbor-predsjednika-crne-gore-df-2\/","title":{"rendered":"RJE\u0160ENJE O IZMJENI RJE\u0160ENJA O IMENOVANJU BIRA\u010cKOG ODBORA ZA IZBOR PREDSJEDNIKA CRNE GORE &#8211; DF"},"content":{"rendered":"","protected":false},"excerpt":{"rendered":"","protected":false},"author":63,"featured_media":0,"comment_status":"closed","ping_status":"closed","sticky":false,"template":"","format":"standard","meta":{"footnotes":""},"categories":[241],"tags":[],"_links":{"self":[{"href":"https:\/\/dikcg.me\/wpold\/budva\/wp-json\/wp\/v2\/posts\/2094"}],"collection":[{"href":"https:\/\/dikcg.me\/wpold\/budva\/wp-json\/wp\/v2\/posts"}],"about":[{"href":"https:\/\/dikcg.me\/wpold\/budva\/wp-json\/wp\/v2\/types\/post"}],"author":[{"embeddable":true,"href":"https:\/\/dikcg.me\/wpold\/budva\/wp-json\/wp\/v2\/users\/63"}],"replies":[{"embeddable":true,"href":"https:\/\/dikcg.me\/wpold\/budva\/wp-json\/wp\/v2\/comments?post=2094"}],"version-history":[{"count":1,"href":"https:\/\/dikcg.me\/wpold\/budva\/wp-json\/wp\/v2\/posts\/2094\/revisions"}],"predecessor-version":[{"id":2096,"href":"https:\/\/dikcg.me\/wpold\/budva\/wp-json\/wp\/v2\/posts\/2094\/revisions\/2096"}],"wp:attachment":[{"href":"https:\/\/dikcg.me\/wpold\/budva\/wp-json\/wp\/v2\/media?parent=2094"}],"wp:term":[{"taxonomy":"category","embeddable":true,"href":"https:\/\/dikcg.me\/wpold\/budva\/wp-json\/wp\/v2\/categories?post=2094"},{"taxonomy":"post_tag","embeddable":true,"href":"https:\/\/dikcg.me\/wpold\/budva\/wp-json\/wp\/v2\/tags?post=2094"}],"curies":[{"name":"wp","href":"https:\/\/api.w.org\/{rel}","templated":true}]}}