{"id":1174,"date":"2020-08-31T13:15:12","date_gmt":"2020-08-31T12:15:12","guid":{"rendered":"https:\/\/budva.dik.co.me\/?p=1174"},"modified":"2020-08-31T13:15:12","modified_gmt":"2020-08-31T12:15:12","slug":"izvjestaj-o-preliminarnim-rezultatima-glasanja-za-izbor-odbornika-u-so-budva-na-birackim-mjestima-u-opstini-budva","status":"publish","type":"post","link":"https:\/\/dikcg.me\/wpold\/budva\/izvjestaj-o-preliminarnim-rezultatima-glasanja-za-izbor-odbornika-u-so-budva-na-birackim-mjestima-u-opstini-budva\/","title":{"rendered":"Izvje\u0161taj o preliminarnim rezultatima glasanja za izbor odbornika u SO Budva na bira\u010dkim mjestima u op\u0161tini Budva"},"content":{"rendered":"","protected":false},"excerpt":{"rendered":"","protected":false},"author":63,"featured_media":0,"comment_status":"closed","ping_status":"closed","sticky":false,"template":"","format":"standard","meta":{"footnotes":""},"categories":[234],"tags":[],"_links":{"self":[{"href":"https:\/\/dikcg.me\/wpold\/budva\/wp-json\/wp\/v2\/posts\/1174"}],"collection":[{"href":"https:\/\/dikcg.me\/wpold\/budva\/wp-json\/wp\/v2\/posts"}],"about":[{"href":"https:\/\/dikcg.me\/wpold\/budva\/wp-json\/wp\/v2\/types\/post"}],"author":[{"embeddable":true,"href":"https:\/\/dikcg.me\/wpold\/budva\/wp-json\/wp\/v2\/users\/63"}],"replies":[{"embeddable":true,"href":"https:\/\/dikcg.me\/wpold\/budva\/wp-json\/wp\/v2\/comments?post=1174"}],"version-history":[{"count":1,"href":"https:\/\/dikcg.me\/wpold\/budva\/wp-json\/wp\/v2\/posts\/1174\/revisions"}],"predecessor-version":[{"id":1177,"href":"https:\/\/dikcg.me\/wpold\/budva\/wp-json\/wp\/v2\/posts\/1174\/revisions\/1177"}],"wp:attachment":[{"href":"https:\/\/dikcg.me\/wpold\/budva\/wp-json\/wp\/v2\/media?parent=1174"}],"wp:term":[{"taxonomy":"category","embeddable":true,"href":"https:\/\/dikcg.me\/wpold\/budva\/wp-json\/wp\/v2\/categories?post=1174"},{"taxonomy":"post_tag","embeddable":true,"href":"https:\/\/dikcg.me\/wpold\/budva\/wp-json\/wp\/v2\/tags?post=1174"}],"curies":[{"name":"wp","href":"https:\/\/api.w.org\/{rel}","templated":true}]}}