{"id":1035,"date":"2020-08-06T14:13:30","date_gmt":"2020-08-06T13:13:30","guid":{"rendered":"https:\/\/budva.dik.co.me\/?p=1035"},"modified":"2020-08-06T14:13:30","modified_gmt":"2020-08-06T13:13:30","slug":"zakljucak-0-utvrdivanju-opunomocenog-predstavnika-podnosioca-izborne-liste-u-prosireni-sastav-opstinske-izborne-komisije","status":"publish","type":"post","link":"https:\/\/dikcg.me\/wpold\/budva\/zakljucak-0-utvrdivanju-opunomocenog-predstavnika-podnosioca-izborne-liste-u-prosireni-sastav-opstinske-izborne-komisije\/","title":{"rendered":"ZAKLJU\u010cAK 0 UTVR\u0110IVANJU OPUNOMO\u0106ENOG PREDSTAVNIKA PODNOSIOCA IZBORNE LISTE U PRO\u0160IRENI SASTAV OP\u0160TINSKE IZBORNE KOMISIJE"},"content":{"rendered":"<p>DRAGAN KRAPOVI\u0106-&#8220;BUDVA JE NA\u0160A NACIJA&#8221; &#8211; DEMOKRATE-DEMOKRATSKA CRNA GORA.<\/p>\n","protected":false},"excerpt":{"rendered":"DRAGAN KRAPOVI\u0106-&#8220;BUDVA JE NA\u0160A NACIJA&#8221; &#8211; DEMOKRATE-DEMOKRATSKA CRNA GORA.","protected":false},"author":63,"featured_media":0,"comment_status":"closed","ping_status":"closed","sticky":false,"template":"","format":"standard","meta":{"footnotes":""},"categories":[229],"tags":[],"_links":{"self":[{"href":"https:\/\/dikcg.me\/wpold\/budva\/wp-json\/wp\/v2\/posts\/1035"}],"collection":[{"href":"https:\/\/dikcg.me\/wpold\/budva\/wp-json\/wp\/v2\/posts"}],"about":[{"href":"https:\/\/dikcg.me\/wpold\/budva\/wp-json\/wp\/v2\/types\/post"}],"author":[{"embeddable":true,"href":"https:\/\/dikcg.me\/wpold\/budva\/wp-json\/wp\/v2\/users\/63"}],"replies":[{"embeddable":true,"href":"https:\/\/dikcg.me\/wpold\/budva\/wp-json\/wp\/v2\/comments?post=1035"}],"version-history":[{"count":1,"href":"https:\/\/dikcg.me\/wpold\/budva\/wp-json\/wp\/v2\/posts\/1035\/revisions"}],"predecessor-version":[{"id":1038,"href":"https:\/\/dikcg.me\/wpold\/budva\/wp-json\/wp\/v2\/posts\/1035\/revisions\/1038"}],"wp:attachment":[{"href":"https:\/\/dikcg.me\/wpold\/budva\/wp-json\/wp\/v2\/media?parent=1035"}],"wp:term":[{"taxonomy":"category","embeddable":true,"href":"https:\/\/dikcg.me\/wpold\/budva\/wp-json\/wp\/v2\/categories?post=1035"},{"taxonomy":"post_tag","embeddable":true,"href":"https:\/\/dikcg.me\/wpold\/budva\/wp-json\/wp\/v2\/tags?post=1035"}],"curies":[{"name":"wp","href":"https:\/\/api.w.org\/{rel}","templated":true}]}}