{"id":1031,"date":"2020-08-06T14:10:07","date_gmt":"2020-08-06T13:10:07","guid":{"rendered":"https:\/\/budva.dik.co.me\/?p=1031"},"modified":"2020-08-06T14:10:07","modified_gmt":"2020-08-06T13:10:07","slug":"izborna-lista-za-izbor-odbornika-u-skupstini-opstine-budva-marko-bato-carevic-za-buducnost-budve-demokratski-front-nova-srpska-demokratija-pokret-za-promjene-demokratska-narodna-partija-crne-g","status":"publish","type":"post","link":"https:\/\/dikcg.me\/wpold\/budva\/izborna-lista-za-izbor-odbornika-u-skupstini-opstine-budva-marko-bato-carevic-za-buducnost-budve-demokratski-front-nova-srpska-demokratija-pokret-za-promjene-demokratska-narodna-partija-crne-g\/","title":{"rendered":"Izborna lista za izbor odbornika u Skup\u0161tini op\u0161tine Budva &#8211; MARKO BATO CAREVI\u0106 &#8211; ZA BUDU\u0106NOST BUDVE! DEMOKRATSKI FRONT( NOVA SRPSKA DEMOKRATIJA, POKRET ZA PROMJENE, DEMOKRATSKA NARODNA PARTIJA CRNE GORE), SOCIJALISTI\u010cKA NARODNA PARTIJA CRNE GORE, PRAVA CRNA GORA, DEMOS, DEMOKRATSKA SRPSKA STRANKA, UJEDINJENA CRNA GORA"},"content":{"rendered":"<p>Na osnovu \u010dlana 48 Zakona o izboru odbornika i poslanika (\u201eSlu\u017ebeni list Republike Crne Gore&#8221;, br.<br \/>\n4\/98, 5\/98,17\/98,14\/00,18\/00, 9\/01, 41\/02, 46\/02, 45\/04, 48\/06, 56\/06 i \u201eSlu\u017ebeni list Crne Gore&#8221;,<br \/>\nbr. 46\/11,14\/14, 47\/14,12\/16, 60\/17 i 10\/18), Op\u0161tinska izborna komisija op\u0161tine Budva na sjednici<br \/>\nodr\u017eanoj 04.08.2020.godine donijela je<br \/>\nRJE\u0160ENJE<br \/>\nUtvr\u0111uje se i progla\u0161ava izborna lista za izbor odbornika u Skup\u0161tini op\u0161tine Budva koji \u0107e se<br \/>\nodr\u017eati 30.08.2020.godine, naziva MARKO BATO CAREVI\u0106 &#8211; ZA BUDU\u0106NOST BUDVE! DEMOKRATSKI FRONT( NOVA SRPSKA DEMOKRATIJA, POKRET ZA PROMJENE, DEMOKRATSKA NARODNA PARTIJA CRNE GORE), SOCIJALISTI\u010cKA NARODNA PARTIJA CRNE GORE, PRAVA CRNA GORA, DEMOS, DEMOKRATSKA SRPSKA STRANKA, UJEDINJENA CRNA GORA, koju je podnijela Koalicija DEMOKRATSKI FRONT( NOVA SRPSKA DEMOKRATIJA, POKRET ZA PROMJENE, DEMOKRATSKA NARODNA PARTIJA CRNE GORE), SOCIJALISTI\u010cKA NARODNA PARTIJA CRNE GORE, PRAVA CRNA GORA, DEMOS, DEMOKRATSKA SRPSKA STRANKA, UJEDINJENA CRNA GORA.<\/p>\n","protected":false},"excerpt":{"rendered":"Na osnovu \u010dlana 48 Zakona o izboru odbornika i poslanika (\u201eSlu\u017ebeni list Republike Crne Gore&#8221;, br. 4\/98, 5\/98,17\/98,14\/00,18\/00, 9\/01, 41\/02, 46\/02, 45\/04, 48\/06, 56\/06 i \u201eSlu\u017ebeni list Crne Gore&#8221;, br. 46\/11,14\/14, 47\/14,12\/16, 60\/17 i 10\/18), Op\u0161tinska izborna komisija op\u0161tine Budva na sjednici odr\u017eanoj 04.08.2020.godine donijela je RJE\u0160ENJE Utvr\u0111uje se i progla\u0161ava izborna lista za izbor&#8230; <a href=\"https:\/\/dikcg.me\/wpold\/budva\/izborna-lista-za-izbor-odbornika-u-skupstini-opstine-budva-marko-bato-carevic-za-buducnost-budve-demokratski-front-nova-srpska-demokratija-pokret-za-promjene-demokratska-narodna-partija-crne-g\/\">Read more <i class=\"fas fa-angle-right\"><\/i><\/a>","protected":false},"author":63,"featured_media":0,"comment_status":"closed","ping_status":"closed","sticky":false,"template":"","format":"standard","meta":{"footnotes":""},"categories":[229],"tags":[],"_links":{"self":[{"href":"https:\/\/dikcg.me\/wpold\/budva\/wp-json\/wp\/v2\/posts\/1031"}],"collection":[{"href":"https:\/\/dikcg.me\/wpold\/budva\/wp-json\/wp\/v2\/posts"}],"about":[{"href":"https:\/\/dikcg.me\/wpold\/budva\/wp-json\/wp\/v2\/types\/post"}],"author":[{"embeddable":true,"href":"https:\/\/dikcg.me\/wpold\/budva\/wp-json\/wp\/v2\/users\/63"}],"replies":[{"embeddable":true,"href":"https:\/\/dikcg.me\/wpold\/budva\/wp-json\/wp\/v2\/comments?post=1031"}],"version-history":[{"count":1,"href":"https:\/\/dikcg.me\/wpold\/budva\/wp-json\/wp\/v2\/posts\/1031\/revisions"}],"predecessor-version":[{"id":1034,"href":"https:\/\/dikcg.me\/wpold\/budva\/wp-json\/wp\/v2\/posts\/1031\/revisions\/1034"}],"wp:attachment":[{"href":"https:\/\/dikcg.me\/wpold\/budva\/wp-json\/wp\/v2\/media?parent=1031"}],"wp:term":[{"taxonomy":"category","embeddable":true,"href":"https:\/\/dikcg.me\/wpold\/budva\/wp-json\/wp\/v2\/categories?post=1031"},{"taxonomy":"post_tag","embeddable":true,"href":"https:\/\/dikcg.me\/wpold\/budva\/wp-json\/wp\/v2\/tags?post=1031"}],"curies":[{"name":"wp","href":"https:\/\/api.w.org\/{rel}","templated":true}]}}