{"id":1640,"date":"2023-04-05T20:22:27","date_gmt":"2023-04-05T19:22:27","guid":{"rendered":"https:\/\/bijelo-polje.dik.co.me\/?p=1640"},"modified":"2023-04-05T20:22:27","modified_gmt":"2023-04-05T19:22:27","slug":"zapisnik-o-radu-opstinske-izborne-komisije-za-utvrdivanje-rezultata-glasanja-za-izbor-predsjednika-crne-gore-na-birackim-mjestima-u-opstini-bijelo-polje-str-1","status":"publish","type":"post","link":"https:\/\/dikcg.me\/wpold\/bijelo-polje\/zapisnik-o-radu-opstinske-izborne-komisije-za-utvrdivanje-rezultata-glasanja-za-izbor-predsjednika-crne-gore-na-birackim-mjestima-u-opstini-bijelo-polje-str-1\/","title":{"rendered":"Zapisnik o radu Op\u0161tinske izborne komisije za utvr\u0111ivanje rezultata glasanja za izbor Predsjednika Crne Gore na bira\u010dkim mjestima u op\u0161tini Bijelo Polje str.1"},"content":{"rendered":"","protected":false},"excerpt":{"rendered":"","protected":false},"author":62,"featured_media":0,"comment_status":"closed","ping_status":"closed","sticky":false,"template":"","format":"standard","meta":{"footnotes":""},"categories":[230],"tags":[],"_links":{"self":[{"href":"https:\/\/dikcg.me\/wpold\/bijelo-polje\/wp-json\/wp\/v2\/posts\/1640"}],"collection":[{"href":"https:\/\/dikcg.me\/wpold\/bijelo-polje\/wp-json\/wp\/v2\/posts"}],"about":[{"href":"https:\/\/dikcg.me\/wpold\/bijelo-polje\/wp-json\/wp\/v2\/types\/post"}],"author":[{"embeddable":true,"href":"https:\/\/dikcg.me\/wpold\/bijelo-polje\/wp-json\/wp\/v2\/users\/62"}],"replies":[{"embeddable":true,"href":"https:\/\/dikcg.me\/wpold\/bijelo-polje\/wp-json\/wp\/v2\/comments?post=1640"}],"version-history":[{"count":1,"href":"https:\/\/dikcg.me\/wpold\/bijelo-polje\/wp-json\/wp\/v2\/posts\/1640\/revisions"}],"predecessor-version":[{"id":1642,"href":"https:\/\/dikcg.me\/wpold\/bijelo-polje\/wp-json\/wp\/v2\/posts\/1640\/revisions\/1642"}],"wp:attachment":[{"href":"https:\/\/dikcg.me\/wpold\/bijelo-polje\/wp-json\/wp\/v2\/media?parent=1640"}],"wp:term":[{"taxonomy":"category","embeddable":true,"href":"https:\/\/dikcg.me\/wpold\/bijelo-polje\/wp-json\/wp\/v2\/categories?post=1640"},{"taxonomy":"post_tag","embeddable":true,"href":"https:\/\/dikcg.me\/wpold\/bijelo-polje\/wp-json\/wp\/v2\/tags?post=1640"}],"curies":[{"name":"wp","href":"https:\/\/api.w.org\/{rel}","templated":true}]}}