{"id":1203,"date":"2022-09-29T13:58:28","date_gmt":"2022-09-29T12:58:28","guid":{"rendered":"https:\/\/bijelo-polje.dik.co.me\/?p=1203"},"modified":"2022-09-29T14:02:47","modified_gmt":"2022-09-29T13:02:47","slug":"rjesenje-o-utvrdivanju-i-proglasavanju-izborne-liste-dps-crne-gore-sd-sdp-bp-lp-prava-stvar-jos-bolje-za-bijelo-polje","status":"publish","type":"post","link":"https:\/\/dikcg.me\/wpold\/bijelo-polje\/rjesenje-o-utvrdivanju-i-proglasavanju-izborne-liste-dps-crne-gore-sd-sdp-bp-lp-prava-stvar-jos-bolje-za-bijelo-polje\/","title":{"rendered":"Rje\u0161enje o utvr\u0111ivanju i progla\u0161avanju izborne liste DPS Crne Gore-SD-SDP-BP-LP &#8211; PRAVA STVAR, JO\u0160 BOLJE ZA BIJELO POLJE"},"content":{"rendered":"","protected":false},"excerpt":{"rendered":"","protected":false},"author":62,"featured_media":0,"comment_status":"closed","ping_status":"closed","sticky":false,"template":"","format":"standard","meta":{"footnotes":""},"categories":[229],"tags":[],"_links":{"self":[{"href":"https:\/\/dikcg.me\/wpold\/bijelo-polje\/wp-json\/wp\/v2\/posts\/1203"}],"collection":[{"href":"https:\/\/dikcg.me\/wpold\/bijelo-polje\/wp-json\/wp\/v2\/posts"}],"about":[{"href":"https:\/\/dikcg.me\/wpold\/bijelo-polje\/wp-json\/wp\/v2\/types\/post"}],"author":[{"embeddable":true,"href":"https:\/\/dikcg.me\/wpold\/bijelo-polje\/wp-json\/wp\/v2\/users\/62"}],"replies":[{"embeddable":true,"href":"https:\/\/dikcg.me\/wpold\/bijelo-polje\/wp-json\/wp\/v2\/comments?post=1203"}],"version-history":[{"count":2,"href":"https:\/\/dikcg.me\/wpold\/bijelo-polje\/wp-json\/wp\/v2\/posts\/1203\/revisions"}],"predecessor-version":[{"id":1211,"href":"https:\/\/dikcg.me\/wpold\/bijelo-polje\/wp-json\/wp\/v2\/posts\/1203\/revisions\/1211"}],"wp:attachment":[{"href":"https:\/\/dikcg.me\/wpold\/bijelo-polje\/wp-json\/wp\/v2\/media?parent=1203"}],"wp:term":[{"taxonomy":"category","embeddable":true,"href":"https:\/\/dikcg.me\/wpold\/bijelo-polje\/wp-json\/wp\/v2\/categories?post=1203"},{"taxonomy":"post_tag","embeddable":true,"href":"https:\/\/dikcg.me\/wpold\/bijelo-polje\/wp-json\/wp\/v2\/tags?post=1203"}],"curies":[{"name":"wp","href":"https:\/\/api.w.org\/{rel}","templated":true}]}}